{"id":9593,"date":"2023-10-08T20:32:58","date_gmt":"2023-10-08T20:32:58","guid":{"rendered":"https:\/\/www.mhuv.gov.dz\/?p=9593"},"modified":"2023-10-10T15:14:32","modified_gmt":"2023-10-10T15:14:32","slug":"le-ministre-de-lhabitat-de-lurbanisme-et-de-la-ville-monsieur-mohamed-tarek-belaribi-preside-une-reunion-pour-preparer-le-lancement-des-projets-des-deux-stades-de-bechar-et-ouargl","status":"publish","type":"post","link":"https:\/\/www.mhuv.gov.dz\/?p=9593&lang=fr","title":{"rendered":"Le Ministre de l\u2019Habitat, de l\u2019Urbanisme et de la Ville, Monsieur Mohamed Tarek Belaribi, pr\u00e9side une r\u00e9union pour pr\u00e9parer le lancement des projets des deux stades de B\u00e9char et Ouargla"},"content":{"rendered":"<h3>Le ministre de l\u2019Habitat, de l\u2019Urbanisme et de la Ville, Monsieur Mohamed Tarek Belaribi, a\u00a0pr\u00e9sid\u00e9 le dimanche 08 octobre 2023,\u00a0au si\u00e8ge du minist\u00e8re\u00a0une r\u00e9union\u00a0pour pr\u00e9parer le lancement des projets des deux stades de B\u00e9char et Ouargla, en pr\u00e9sence des directeurs des \u00e9quipements publics des deux wilayas, qui ont pr\u00e9sent\u00e9 un expos\u00e9 sur les terrains choisis pour la r\u00e9alisation des deux projets.<\/h3>\n<p><img loading=\"lazy\" decoding=\"async\" class=\"alignnone size-medium wp-image-9520\" src=\"https:\/\/www.mhuv.gov.dz\/wp-content\/uploads\/2023\/10\/WhatsApp-Image-2023-10-09-at-08.32.35-300x140.jpeg\" alt=\"\" width=\"300\" height=\"140\" srcset=\"https:\/\/www.mhuv.gov.dz\/wp-content\/uploads\/2023\/10\/WhatsApp-Image-2023-10-09-at-08.32.35-300x140.jpeg 300w, https:\/\/www.mhuv.gov.dz\/wp-content\/uploads\/2023\/10\/WhatsApp-Image-2023-10-09-at-08.32.35-1024x478.jpeg 1024w, https:\/\/www.mhuv.gov.dz\/wp-content\/uploads\/2023\/10\/WhatsApp-Image-2023-10-09-at-08.32.35-768x358.jpeg 768w, https:\/\/www.mhuv.gov.dz\/wp-content\/uploads\/2023\/10\/WhatsApp-Image-2023-10-09-at-08.32.35.jpeg 1080w\" sizes=\"auto, (max-width: 300px) 100vw, 300px\" \/> <img loading=\"lazy\" decoding=\"async\" class=\"alignnone size-medium wp-image-9521\" src=\"https:\/\/www.mhuv.gov.dz\/wp-content\/uploads\/2023\/10\/WhatsApp-Image-2023-10-09-at-08.33.28-1-300x140.jpeg\" alt=\"\" width=\"300\" height=\"140\" srcset=\"https:\/\/www.mhuv.gov.dz\/wp-content\/uploads\/2023\/10\/WhatsApp-Image-2023-10-09-at-08.33.28-1-300x140.jpeg 300w, https:\/\/www.mhuv.gov.dz\/wp-content\/uploads\/2023\/10\/WhatsApp-Image-2023-10-09-at-08.33.28-1-1024x478.jpeg 1024w, https:\/\/www.mhuv.gov.dz\/wp-content\/uploads\/2023\/10\/WhatsApp-Image-2023-10-09-at-08.33.28-1-768x358.jpeg 768w, https:\/\/www.mhuv.gov.dz\/wp-content\/uploads\/2023\/10\/WhatsApp-Image-2023-10-09-at-08.33.28-1.jpeg 1080w\" sizes=\"auto, (max-width: 300px) 100vw, 300px\" \/><\/p>\n<h3>Durant cette r\u00e9union il a \u00e9t\u00e9 question des instruments d\u2019urbanisme relatifs au choix du terrain et leur convenance\u00a0avec la zone choisie pour les deux stades et sa vision future et ce avant le lancement des projets dans les deux wilayas concern\u00e9es.<\/h3>\n<h3>Monsieur le Ministre a donn\u00e9 des instructions \u00e0 l\u2019effet de fournir toutes les informations relatives au terrain choisi.<\/h3>\n<h3>&#8211;\u00a0\u00a0\u00a0\u00a0\u00a0\u00a0\u00a0\u00a0\u00a0\u00a0leur raccordement aux r\u00e9seaux d\u2019eau et d\u2019\u00e9lectricit\u00e9.<\/h3>\n<h3>&#8211;\u00a0\u00a0\u00a0\u00a0\u00a0\u00a0\u00a0\u00a0\u00a0\u00a0L\u2019emplacement du stade par rapport \u00e0 l\u2019expansion urbaine future.<\/h3>\n<h3>&#8211;\u00a0\u00a0\u00a0\u00a0\u00a0\u00a0\u00a0\u00a0\u00a0\u00a0Fournir toutes les informations m\u00e9t\u00e9orologiques de la zone choisie.<\/h3>\n<h3>&#8211;\u00a0\u00a0\u00a0\u00a0\u00a0\u00a0\u00a0\u00a0\u00a0\u00a0L\u2019\u00e9tude du terrain choisi en coordination avec le CTC.<\/h3>\n<h3>Une deuxi\u00e8me r\u00e9union est programm\u00e9e dans les prochains jours.<\/h3>\n","protected":false},"excerpt":{"rendered":"<p>Le ministre de l\u2019Habitat, de l\u2019Urbanisme et de la Ville, Monsieur Mohamed Tarek Belaribi, a\u00a0pr\u00e9sid\u00e9 le dimanche 08 octobre 2023,\u00a0au si\u00e8ge du minist\u00e8re\u00a0une r\u00e9union\u00a0pour pr\u00e9parer le lancement des projets des deux stades de B\u00e9char et Ouargla, en pr\u00e9sence des directeurs des \u00e9quipements publics des deux wilayas, qui ont pr\u00e9sent\u00e9 un expos\u00e9 sur les terrains choisis &hellip;<\/p>\n","protected":false},"author":4,"featured_media":9519,"comment_status":"open","ping_status":"open","sticky":false,"template":"","format":"standard","meta":{"footnotes":""},"categories":[161,157],"tags":[],"class_list":["post-9593","post","type-post","status-publish","format-standard","has-post-thumbnail","hentry","category-activites-de-mr-ministre","category-nouveautes"],"lang":"fr","translations":{"fr":9593,"ar":9518},"pll_sync_post":[],"_links":{"self":[{"href":"https:\/\/www.mhuv.gov.dz\/index.php?rest_route=\/wp\/v2\/posts\/9593","targetHints":{"allow":["GET"]}}],"collection":[{"href":"https:\/\/www.mhuv.gov.dz\/index.php?rest_route=\/wp\/v2\/posts"}],"about":[{"href":"https:\/\/www.mhuv.gov.dz\/index.php?rest_route=\/wp\/v2\/types\/post"}],"author":[{"embeddable":true,"href":"https:\/\/www.mhuv.gov.dz\/index.php?rest_route=\/wp\/v2\/users\/4"}],"replies":[{"embeddable":true,"href":"https:\/\/www.mhuv.gov.dz\/index.php?rest_route=%2Fwp%2Fv2%2Fcomments&post=9593"}],"version-history":[{"count":1,"href":"https:\/\/www.mhuv.gov.dz\/index.php?rest_route=\/wp\/v2\/posts\/9593\/revisions"}],"predecessor-version":[{"id":9595,"href":"https:\/\/www.mhuv.gov.dz\/index.php?rest_route=\/wp\/v2\/posts\/9593\/revisions\/9595"}],"wp:featuredmedia":[{"embeddable":true,"href":"https:\/\/www.mhuv.gov.dz\/index.php?rest_route=\/wp\/v2\/media\/9519"}],"wp:attachment":[{"href":"https:\/\/www.mhuv.gov.dz\/index.php?rest_route=%2Fwp%2Fv2%2Fmedia&parent=9593"}],"wp:term":[{"taxonomy":"category","embeddable":true,"href":"https:\/\/www.mhuv.gov.dz\/index.php?rest_route=%2Fwp%2Fv2%2Fcategories&post=9593"},{"taxonomy":"post_tag","embeddable":true,"href":"https:\/\/www.mhuv.gov.dz\/index.php?rest_route=%2Fwp%2Fv2%2Ftags&post=9593"}],"curies":[{"name":"wp","href":"https:\/\/api.w.org\/{rel}","templated":true}]}}