{"id":9074,"date":"2023-07-23T14:02:05","date_gmt":"2023-07-23T14:02:05","guid":{"rendered":"https:\/\/www.mhuv.gov.dz\/?p=9074"},"modified":"2023-07-23T14:02:05","modified_gmt":"2023-07-23T14:02:05","slug":"le-ministre-de-lhabitat-de-lurbanisme-et-de-la-ville-monsieur-mohamed-tarek-belaribi-sest-entretenu-avec-son-homologue-turc-le-ministre-de-lenvironnement-de-lurbanis","status":"publish","type":"post","link":"https:\/\/www.mhuv.gov.dz\/?p=9074&lang=fr","title":{"rendered":"Le Ministre de l&rsquo;Habitat, de l&rsquo;Urbanisme et de la Ville, Monsieur Mohamed Tarek Belaribi, s\u2019est entretenu avec son homologue Turc le Ministre de l\u2019Environnement, de l\u2019Urbanisation et du Changement Climatique"},"content":{"rendered":"<h3>En marge de la visite d&rsquo;Etat effectu\u00e9e par le pr\u00e9sident de la R\u00e9publique, Monsieur Abdelmadjid Tebboune \u00e0 la R\u00e9publique de Turquie, Le Ministre de l&rsquo;Habitat, de l&rsquo;Urbanisme et de la Ville, Monsieur Mohamed Tarek Belaribi s\u2019est entretenu samedi 22 juillet 2023, avec son homologue Turc le Ministre de l\u2019Environnement, de l\u2019Urbanisation et du Changement Climatique, monsieur Mehmet Ozhaseki.<\/h3>\n<h3>Cette rencontre a \u00e9t\u00e9 une occasion pour examiner les moyens de renforcer la coop\u00e9ration et d\u2019ouvrir de nouvelles perspectives entre les deux pays fr\u00e8res.<\/h3>\n<h3><\/h3>\n<p><img loading=\"lazy\" decoding=\"async\" class=\"alignnone wp-image-9069 aligncenter\" src=\"https:\/\/www.mhuv.gov.dz\/wp-content\/uploads\/2023\/07\/WhatsApp-Image-2023-07-23-at-13.18.38-300x200.jpeg\" alt=\"\" width=\"429\" height=\"286\" srcset=\"https:\/\/www.mhuv.gov.dz\/wp-content\/uploads\/2023\/07\/WhatsApp-Image-2023-07-23-at-13.18.38-300x200.jpeg 300w, https:\/\/www.mhuv.gov.dz\/wp-content\/uploads\/2023\/07\/WhatsApp-Image-2023-07-23-at-13.18.38-768x512.jpeg 768w, https:\/\/www.mhuv.gov.dz\/wp-content\/uploads\/2023\/07\/WhatsApp-Image-2023-07-23-at-13.18.38.jpeg 1024w\" sizes=\"auto, (max-width: 429px) 100vw, 429px\" \/><\/p>\n","protected":false},"excerpt":{"rendered":"<p>En marge de la visite d&rsquo;Etat effectu\u00e9e par le pr\u00e9sident de la R\u00e9publique, Monsieur Abdelmadjid Tebboune \u00e0 la R\u00e9publique de Turquie, Le Ministre de l&rsquo;Habitat, de l&rsquo;Urbanisme et de la Ville, Monsieur Mohamed Tarek Belaribi s\u2019est entretenu samedi 22 juillet 2023, avec son homologue Turc le Ministre de l\u2019Environnement, de l\u2019Urbanisation et du Changement Climatique, &hellip;<\/p>\n","protected":false},"author":4,"featured_media":9068,"comment_status":"open","ping_status":"open","sticky":false,"template":"","format":"standard","meta":{"footnotes":""},"categories":[161,157],"tags":[],"class_list":["post-9074","post","type-post","status-publish","format-standard","has-post-thumbnail","hentry","category-activites-de-mr-ministre","category-nouveautes"],"lang":"fr","translations":{"fr":9074,"ar":9065},"pll_sync_post":[],"_links":{"self":[{"href":"https:\/\/www.mhuv.gov.dz\/index.php?rest_route=\/wp\/v2\/posts\/9074","targetHints":{"allow":["GET"]}}],"collection":[{"href":"https:\/\/www.mhuv.gov.dz\/index.php?rest_route=\/wp\/v2\/posts"}],"about":[{"href":"https:\/\/www.mhuv.gov.dz\/index.php?rest_route=\/wp\/v2\/types\/post"}],"author":[{"embeddable":true,"href":"https:\/\/www.mhuv.gov.dz\/index.php?rest_route=\/wp\/v2\/users\/4"}],"replies":[{"embeddable":true,"href":"https:\/\/www.mhuv.gov.dz\/index.php?rest_route=%2Fwp%2Fv2%2Fcomments&post=9074"}],"version-history":[{"count":1,"href":"https:\/\/www.mhuv.gov.dz\/index.php?rest_route=\/wp\/v2\/posts\/9074\/revisions"}],"predecessor-version":[{"id":9075,"href":"https:\/\/www.mhuv.gov.dz\/index.php?rest_route=\/wp\/v2\/posts\/9074\/revisions\/9075"}],"wp:featuredmedia":[{"embeddable":true,"href":"https:\/\/www.mhuv.gov.dz\/index.php?rest_route=\/wp\/v2\/media\/9068"}],"wp:attachment":[{"href":"https:\/\/www.mhuv.gov.dz\/index.php?rest_route=%2Fwp%2Fv2%2Fmedia&parent=9074"}],"wp:term":[{"taxonomy":"category","embeddable":true,"href":"https:\/\/www.mhuv.gov.dz\/index.php?rest_route=%2Fwp%2Fv2%2Fcategories&post=9074"},{"taxonomy":"post_tag","embeddable":true,"href":"https:\/\/www.mhuv.gov.dz\/index.php?rest_route=%2Fwp%2Fv2%2Ftags&post=9074"}],"curies":[{"name":"wp","href":"https:\/\/api.w.org\/{rel}","templated":true}]}}