{"id":8072,"date":"2023-03-06T23:59:54","date_gmt":"2023-03-06T23:59:54","guid":{"rendered":"https:\/\/www.mhuv.gov.dz\/?p=8072"},"modified":"2023-03-07T10:51:12","modified_gmt":"2023-03-07T10:51:12","slug":"le-ministre-de-lhabitat-de-lurbanisme-et-de-la-ville-monsieur-mohamed-tarek-belaribi-poursuit-la-serie-des-rencontres-avec-le-reste-des-directions-regionales-de-lagence-a","status":"publish","type":"post","link":"https:\/\/www.mhuv.gov.dz\/?p=8072&lang=fr","title":{"rendered":"Le ministre de l\u2019Habitat, de l\u2019Urbanisme et de la Ville, Monsieur Mohamed Tarek Belaribi, poursuit la s\u00e9rie des rencontres avec le reste des directions r\u00e9gionales de l\u2019Agence AADL"},"content":{"rendered":"<h3 style=\"font-weight: 400;\">Dans le cadre de la poursuite de la r\u00e9union du Mardi 28 F\u00e9vrier 2023, pr\u00e9sid\u00e9e par le ministre de l\u2019Habitat, de l\u2019Urbanisme et de la Ville,\u00a0Monsieur\u00a0Mohamed Tarek Belaribi, en pr\u00e9sence des deux directions r\u00e9gionales, Alger Est, Ouest relevant \u00e0 l\u2019Agence Nationale de l&rsquo;Am\u00e9lioration et du D\u00e9veloppement du Logement, Monsieur le Ministre a rencontr\u00e9 le Lundi 06 Mars 2023, le reste des\u00a0directions r\u00e9gionales de\u00a0: constantine, ouargla, oran, s\u00e9tif, annaba et tiaret.<\/h3>\n<p><img loading=\"lazy\" decoding=\"async\" class=\"alignnone size-medium wp-image-8058\" src=\"https:\/\/www.mhuv.gov.dz\/wp-content\/uploads\/2023\/03\/FB_IMG_1678176372882-300x169.jpg\" alt=\"\" width=\"300\" height=\"169\" srcset=\"https:\/\/www.mhuv.gov.dz\/wp-content\/uploads\/2023\/03\/FB_IMG_1678176372882-300x169.jpg 300w, https:\/\/www.mhuv.gov.dz\/wp-content\/uploads\/2023\/03\/FB_IMG_1678176372882-768x432.jpg 768w, https:\/\/www.mhuv.gov.dz\/wp-content\/uploads\/2023\/03\/FB_IMG_1678176372882-390x220.jpg 390w, https:\/\/www.mhuv.gov.dz\/wp-content\/uploads\/2023\/03\/FB_IMG_1678176372882.jpg 1000w\" sizes=\"auto, (max-width: 300px) 100vw, 300px\" \/> <img loading=\"lazy\" decoding=\"async\" class=\"alignnone size-medium wp-image-8060\" src=\"https:\/\/www.mhuv.gov.dz\/wp-content\/uploads\/2023\/03\/FB_IMG_1678176387297-1-300x169.jpg\" alt=\"\" width=\"300\" height=\"169\" srcset=\"https:\/\/www.mhuv.gov.dz\/wp-content\/uploads\/2023\/03\/FB_IMG_1678176387297-1-300x169.jpg 300w, https:\/\/www.mhuv.gov.dz\/wp-content\/uploads\/2023\/03\/FB_IMG_1678176387297-1-768x432.jpg 768w, https:\/\/www.mhuv.gov.dz\/wp-content\/uploads\/2023\/03\/FB_IMG_1678176387297-1-390x220.jpg 390w, https:\/\/www.mhuv.gov.dz\/wp-content\/uploads\/2023\/03\/FB_IMG_1678176387297-1.jpg 1000w\" sizes=\"auto, (max-width: 300px) 100vw, 300px\" \/><\/p>\n<p><img loading=\"lazy\" decoding=\"async\" class=\"alignnone size-medium wp-image-8066\" src=\"https:\/\/www.mhuv.gov.dz\/wp-content\/uploads\/2023\/03\/FB_IMG_1678176377761-300x169.jpg\" alt=\"\" width=\"300\" height=\"169\" srcset=\"https:\/\/www.mhuv.gov.dz\/wp-content\/uploads\/2023\/03\/FB_IMG_1678176377761-300x169.jpg 300w, https:\/\/www.mhuv.gov.dz\/wp-content\/uploads\/2023\/03\/FB_IMG_1678176377761-768x432.jpg 768w, https:\/\/www.mhuv.gov.dz\/wp-content\/uploads\/2023\/03\/FB_IMG_1678176377761-390x220.jpg 390w, https:\/\/www.mhuv.gov.dz\/wp-content\/uploads\/2023\/03\/FB_IMG_1678176377761.jpg 1000w\" sizes=\"auto, (max-width: 300px) 100vw, 300px\" \/><img loading=\"lazy\" decoding=\"async\" class=\"alignnone size-medium wp-image-8067\" src=\"https:\/\/www.mhuv.gov.dz\/wp-content\/uploads\/2023\/03\/FB_IMG_1678176381964-300x169.jpg\" alt=\"\" width=\"300\" height=\"169\" srcset=\"https:\/\/www.mhuv.gov.dz\/wp-content\/uploads\/2023\/03\/FB_IMG_1678176381964-300x169.jpg 300w, https:\/\/www.mhuv.gov.dz\/wp-content\/uploads\/2023\/03\/FB_IMG_1678176381964-768x432.jpg 768w, https:\/\/www.mhuv.gov.dz\/wp-content\/uploads\/2023\/03\/FB_IMG_1678176381964-390x220.jpg 390w, https:\/\/www.mhuv.gov.dz\/wp-content\/uploads\/2023\/03\/FB_IMG_1678176381964.jpg 1000w\" sizes=\"auto, (max-width: 300px) 100vw, 300px\" \/><\/p>\n<h3 style=\"font-weight: 400;\">Durant cette rencontre, un plan de travail \u00e0 l&rsquo;horizon 2023 a \u00e9t\u00e9 \u00e9labor\u00e9, et tous les projets en cours de r\u00e9alisation et ceux non encore lanc\u00e9s, ont \u00e9t\u00e9 pr\u00e9sent\u00e9s.<\/h3>\n<h3 style=\"font-weight: 400;\">\u00a0Les directeurs r\u00e9gionaux ont pr\u00e9sent\u00e9 ce qui a \u00e9t\u00e9 r\u00e9alis\u00e9 en mati\u00e8re de logement et les programmes qui connaissent un retard pour diverses raisons.<\/h3>\n<p><img loading=\"lazy\" decoding=\"async\" class=\"alignnone size-medium wp-image-8062\" src=\"https:\/\/www.mhuv.gov.dz\/wp-content\/uploads\/2023\/03\/FB_IMG_1678176400202-300x169.jpg\" alt=\"\" width=\"300\" height=\"169\" srcset=\"https:\/\/www.mhuv.gov.dz\/wp-content\/uploads\/2023\/03\/FB_IMG_1678176400202-300x169.jpg 300w, https:\/\/www.mhuv.gov.dz\/wp-content\/uploads\/2023\/03\/FB_IMG_1678176400202-768x432.jpg 768w, https:\/\/www.mhuv.gov.dz\/wp-content\/uploads\/2023\/03\/FB_IMG_1678176400202-390x220.jpg 390w, https:\/\/www.mhuv.gov.dz\/wp-content\/uploads\/2023\/03\/FB_IMG_1678176400202.jpg 1000w\" sizes=\"auto, (max-width: 300px) 100vw, 300px\" \/> <img loading=\"lazy\" decoding=\"async\" class=\"alignnone size-medium wp-image-8061\" src=\"https:\/\/www.mhuv.gov.dz\/wp-content\/uploads\/2023\/03\/FB_IMG_1678176375462-300x169.jpg\" alt=\"\" width=\"300\" height=\"169\" srcset=\"https:\/\/www.mhuv.gov.dz\/wp-content\/uploads\/2023\/03\/FB_IMG_1678176375462-300x169.jpg 300w, https:\/\/www.mhuv.gov.dz\/wp-content\/uploads\/2023\/03\/FB_IMG_1678176375462-768x432.jpg 768w, https:\/\/www.mhuv.gov.dz\/wp-content\/uploads\/2023\/03\/FB_IMG_1678176375462-390x220.jpg 390w, https:\/\/www.mhuv.gov.dz\/wp-content\/uploads\/2023\/03\/FB_IMG_1678176375462.jpg 1000w\" sizes=\"auto, (max-width: 300px) 100vw, 300px\" \/><\/p>\n<h3 style=\"font-weight: 400;\">Monsieur le Ministre a donn\u00e9 des instructions afin d\u2019acc\u00e9l\u00e9rer le rythme des travaux et \u00e9tudier le calendrier global des pr\u00e9 affectations qui seront remis aux souscripteurs le 19 mars prochain.<\/h3>\n<h3 style=\"font-weight: 400;\">Le programme des structures \u00e9ducatives programm\u00e9es dans les quartiers qui seront r\u00e9parties dans les projets\u00a0AADL\u00a0et la n\u00e9cessit\u00e9 de lancer des projets qui n&rsquo;ont pas encore \u00e9t\u00e9 lanc\u00e9s, ont \u00e9galement \u00e9t\u00e9 \u00e9voqu\u00e9s.<\/h3>\n<h3 style=\"font-weight: 400;\">Enfin, une mise aux points a \u00e9t\u00e9 faite sur le retard dans la r\u00e9alisation de certains projets qui devaient \u00eatre achev\u00e9s fin de 2022.<\/h3>\n<p><img loading=\"lazy\" decoding=\"async\" class=\"alignnone size-medium wp-image-8063\" src=\"https:\/\/www.mhuv.gov.dz\/wp-content\/uploads\/2023\/03\/FB_IMG_1678176379944-300x169.jpg\" alt=\"\" width=\"300\" height=\"169\" srcset=\"https:\/\/www.mhuv.gov.dz\/wp-content\/uploads\/2023\/03\/FB_IMG_1678176379944-300x169.jpg 300w, https:\/\/www.mhuv.gov.dz\/wp-content\/uploads\/2023\/03\/FB_IMG_1678176379944-768x432.jpg 768w, https:\/\/www.mhuv.gov.dz\/wp-content\/uploads\/2023\/03\/FB_IMG_1678176379944-390x220.jpg 390w, https:\/\/www.mhuv.gov.dz\/wp-content\/uploads\/2023\/03\/FB_IMG_1678176379944.jpg 1000w\" sizes=\"auto, (max-width: 300px) 100vw, 300px\" \/> <img loading=\"lazy\" decoding=\"async\" class=\"alignnone size-medium wp-image-8064\" src=\"https:\/\/www.mhuv.gov.dz\/wp-content\/uploads\/2023\/03\/FB_IMG_1678176384645-300x169.jpg\" alt=\"\" width=\"300\" height=\"169\" srcset=\"https:\/\/www.mhuv.gov.dz\/wp-content\/uploads\/2023\/03\/FB_IMG_1678176384645-300x169.jpg 300w, https:\/\/www.mhuv.gov.dz\/wp-content\/uploads\/2023\/03\/FB_IMG_1678176384645-768x432.jpg 768w, https:\/\/www.mhuv.gov.dz\/wp-content\/uploads\/2023\/03\/FB_IMG_1678176384645-390x220.jpg 390w, https:\/\/www.mhuv.gov.dz\/wp-content\/uploads\/2023\/03\/FB_IMG_1678176384645.jpg 1000w\" sizes=\"auto, (max-width: 300px) 100vw, 300px\" \/><\/p>\n","protected":false},"excerpt":{"rendered":"<p>Dans le cadre de la poursuite de la r\u00e9union du Mardi 28 F\u00e9vrier 2023, pr\u00e9sid\u00e9e par le ministre de l\u2019Habitat, de l\u2019Urbanisme et de la Ville,\u00a0Monsieur\u00a0Mohamed Tarek Belaribi, en pr\u00e9sence des deux directions r\u00e9gionales, Alger Est, Ouest relevant \u00e0 l\u2019Agence Nationale de l&rsquo;Am\u00e9lioration et du D\u00e9veloppement du Logement, Monsieur le Ministre a rencontr\u00e9 le Lundi &hellip;<\/p>\n","protected":false},"author":4,"featured_media":8057,"comment_status":"open","ping_status":"open","sticky":false,"template":"","format":"standard","meta":{"footnotes":""},"categories":[161,157],"tags":[],"class_list":["post-8072","post","type-post","status-publish","format-standard","has-post-thumbnail","hentry","category-activites-de-mr-ministre","category-nouveautes"],"lang":"fr","translations":{"fr":8072,"ar":8056},"pll_sync_post":[],"_links":{"self":[{"href":"https:\/\/www.mhuv.gov.dz\/index.php?rest_route=\/wp\/v2\/posts\/8072","targetHints":{"allow":["GET"]}}],"collection":[{"href":"https:\/\/www.mhuv.gov.dz\/index.php?rest_route=\/wp\/v2\/posts"}],"about":[{"href":"https:\/\/www.mhuv.gov.dz\/index.php?rest_route=\/wp\/v2\/types\/post"}],"author":[{"embeddable":true,"href":"https:\/\/www.mhuv.gov.dz\/index.php?rest_route=\/wp\/v2\/users\/4"}],"replies":[{"embeddable":true,"href":"https:\/\/www.mhuv.gov.dz\/index.php?rest_route=%2Fwp%2Fv2%2Fcomments&post=8072"}],"version-history":[{"count":1,"href":"https:\/\/www.mhuv.gov.dz\/index.php?rest_route=\/wp\/v2\/posts\/8072\/revisions"}],"predecessor-version":[{"id":8073,"href":"https:\/\/www.mhuv.gov.dz\/index.php?rest_route=\/wp\/v2\/posts\/8072\/revisions\/8073"}],"wp:featuredmedia":[{"embeddable":true,"href":"https:\/\/www.mhuv.gov.dz\/index.php?rest_route=\/wp\/v2\/media\/8057"}],"wp:attachment":[{"href":"https:\/\/www.mhuv.gov.dz\/index.php?rest_route=%2Fwp%2Fv2%2Fmedia&parent=8072"}],"wp:term":[{"taxonomy":"category","embeddable":true,"href":"https:\/\/www.mhuv.gov.dz\/index.php?rest_route=%2Fwp%2Fv2%2Fcategories&post=8072"},{"taxonomy":"post_tag","embeddable":true,"href":"https:\/\/www.mhuv.gov.dz\/index.php?rest_route=%2Fwp%2Fv2%2Ftags&post=8072"}],"curies":[{"name":"wp","href":"https:\/\/api.w.org\/{rel}","templated":true}]}}