{"id":8031,"date":"2023-03-05T23:55:23","date_gmt":"2023-03-05T23:55:23","guid":{"rendered":"https:\/\/www.mhuv.gov.dz\/?p=8031"},"modified":"2023-03-06T10:44:11","modified_gmt":"2023-03-06T10:44:11","slug":"le-ministre-de-lhabitat-de-lurbanisme-et-de-la-ville-monsieur-mohamed-tarek-belaribi-effectue-une-visite-dinspection-au-niveau-du-site-des-13-300-logements-aadl-a-sidi-a-2","status":"publish","type":"post","link":"https:\/\/www.mhuv.gov.dz\/?p=8031&lang=fr","title":{"rendered":"Le ministre de l\u2019Habitat, de l\u2019Urbanisme et de la Ville, Monsieur Mohamed Tarek Belaribi, effectue une visite d\u2019inspection au niveau du site des 13.300 logements AADL, \u00e0 Sidi Abdallah."},"content":{"rendered":"<h3>Le ministre de l\u2019Habitat, de l\u2019Urbanisme et de la Ville, Monsieur Mohamed Tarek Belaribi a effectu\u00e9, le Dimanche 05 Mars 2023, une\u00a0visite d\u2019inspection au niveau<b>\u00a0<\/b>du<b>\u00a0<\/b>site des 13.300 logements AADL, \u00e0 Sidi Abdallah, afin de s\u2019enqu\u00e9rir de l\u2019\u00e9tat d\u2019avancement des travaux.<\/h3>\n<p><img loading=\"lazy\" decoding=\"async\" class=\"alignnone size-medium wp-image-8013\" src=\"https:\/\/www.mhuv.gov.dz\/wp-content\/uploads\/2023\/03\/FB_IMG_1678090407701-300x169.jpg\" alt=\"\" width=\"300\" height=\"169\" srcset=\"https:\/\/www.mhuv.gov.dz\/wp-content\/uploads\/2023\/03\/FB_IMG_1678090407701-300x169.jpg 300w, https:\/\/www.mhuv.gov.dz\/wp-content\/uploads\/2023\/03\/FB_IMG_1678090407701-768x432.jpg 768w, https:\/\/www.mhuv.gov.dz\/wp-content\/uploads\/2023\/03\/FB_IMG_1678090407701-390x220.jpg 390w, https:\/\/www.mhuv.gov.dz\/wp-content\/uploads\/2023\/03\/FB_IMG_1678090407701.jpg 1024w\" sizes=\"auto, (max-width: 300px) 100vw, 300px\" \/> <img loading=\"lazy\" decoding=\"async\" class=\"alignnone size-medium wp-image-8015\" src=\"https:\/\/www.mhuv.gov.dz\/wp-content\/uploads\/2023\/03\/FB_IMG_1678090409824-1-300x169.jpg\" alt=\"\" width=\"300\" height=\"169\" srcset=\"https:\/\/www.mhuv.gov.dz\/wp-content\/uploads\/2023\/03\/FB_IMG_1678090409824-1-300x169.jpg 300w, https:\/\/www.mhuv.gov.dz\/wp-content\/uploads\/2023\/03\/FB_IMG_1678090409824-1-768x432.jpg 768w, https:\/\/www.mhuv.gov.dz\/wp-content\/uploads\/2023\/03\/FB_IMG_1678090409824-1-390x220.jpg 390w, https:\/\/www.mhuv.gov.dz\/wp-content\/uploads\/2023\/03\/FB_IMG_1678090409824-1.jpg 1024w\" sizes=\"auto, (max-width: 300px) 100vw, 300px\" \/><\/p>\n<h3>Monsieur le Ministre<span dir=\"RTL\" lang=\"AR-SA\">\u00a0<\/span>a appr\u00e9ci\u00e9 le rythme acc\u00e9l\u00e9r\u00e9 des travaux, apr\u00e8s la r\u00e9union technique et la visite effectu\u00e9e le 12 F\u00e9vrier\u00a0dernier.<\/h3>\n<h3>Lors de la r\u00e9union qu\u2019il a tenue avec toutes les entreprises de r\u00e9alisation, monsieur le ministre a exhort\u00e9 ces derni\u00e8res \u00e0 travailler avec la m\u00eame cadence et \u00e0 commencer d\u2019enlever la base de vie ainsi que la centrale \u00e0 b\u00e9ton au niveau du site \u00e0 partir du 15 Avril prochain.<\/h3>\n<h3>Dans ce cadre, il a ordonn\u00e9 l\u2019ach\u00e8vement de tous les travaux de construction et du b\u00e9ton le mois de Mai prochain.<\/h3>\n<h3>Le taux d&rsquo;ach\u00e8vement des murs de sout\u00e8nement a atteint 98% du total des murs sur le site. Ce dernier conna\u00eetra une op\u00e9ration de d\u00e9coration de sa fa\u00e7ade, c\u2019est ce qui a \u00e9t\u00e9 pr\u00e9sent\u00e9 par la responsable du projet, \u00e0 travers la pr\u00e9sentation d&rsquo;un court m\u00e9trage montrant la forme et l&rsquo;image finale des b\u00e2timents et des routes apr\u00e8s l&rsquo;ach\u00e8vement total des travaux.<\/h3>\n<p><img loading=\"lazy\" decoding=\"async\" class=\"alignnone size-medium wp-image-8016\" src=\"https:\/\/www.mhuv.gov.dz\/wp-content\/uploads\/2023\/03\/FB_IMG_1678090411804-300x169.jpg\" alt=\"\" width=\"300\" height=\"169\" srcset=\"https:\/\/www.mhuv.gov.dz\/wp-content\/uploads\/2023\/03\/FB_IMG_1678090411804-300x169.jpg 300w, https:\/\/www.mhuv.gov.dz\/wp-content\/uploads\/2023\/03\/FB_IMG_1678090411804-768x432.jpg 768w, https:\/\/www.mhuv.gov.dz\/wp-content\/uploads\/2023\/03\/FB_IMG_1678090411804-390x220.jpg 390w, https:\/\/www.mhuv.gov.dz\/wp-content\/uploads\/2023\/03\/FB_IMG_1678090411804.jpg 1024w\" sizes=\"auto, (max-width: 300px) 100vw, 300px\" \/> <img loading=\"lazy\" decoding=\"async\" class=\"alignnone wp-image-8017\" src=\"https:\/\/www.mhuv.gov.dz\/wp-content\/uploads\/2023\/03\/FB_IMG_1678090416578-300x162.jpg\" alt=\"\" width=\"311\" height=\"168\" srcset=\"https:\/\/www.mhuv.gov.dz\/wp-content\/uploads\/2023\/03\/FB_IMG_1678090416578-300x162.jpg 300w, https:\/\/www.mhuv.gov.dz\/wp-content\/uploads\/2023\/03\/FB_IMG_1678090416578-1024x553.jpg 1024w, https:\/\/www.mhuv.gov.dz\/wp-content\/uploads\/2023\/03\/FB_IMG_1678090416578-768x415.jpg 768w, https:\/\/www.mhuv.gov.dz\/wp-content\/uploads\/2023\/03\/FB_IMG_1678090416578.jpg 1080w\" sizes=\"auto, (max-width: 311px) 100vw, 311px\" \/><\/p>\n<h3>Monsieur le Ministre a insist\u00e9 sur la n\u00e9cessit\u00e9 de donner\u00a0une attention particuli\u00e8re \u00e0 l&rsquo;image ext\u00e9rieure et esth\u00e9tique du site, avec la r\u00e9servation de voies pour les v\u00e9los et d&rsquo;un hall pour les bus, en envisageant un plan de circulation \u00e0 l&rsquo;int\u00e9rieur du site, avec des centres commerciaux et de boutiques d\u00e9cor\u00e9s de mani\u00e8re homog\u00e8ne et harmonieuse.<\/h3>\n<p><img loading=\"lazy\" decoding=\"async\" class=\"alignnone size-medium wp-image-8020\" src=\"https:\/\/www.mhuv.gov.dz\/wp-content\/uploads\/2023\/03\/FB_IMG_1678090418758-300x169.jpg\" alt=\"\" width=\"300\" height=\"169\" srcset=\"https:\/\/www.mhuv.gov.dz\/wp-content\/uploads\/2023\/03\/FB_IMG_1678090418758-300x169.jpg 300w, https:\/\/www.mhuv.gov.dz\/wp-content\/uploads\/2023\/03\/FB_IMG_1678090418758-768x432.jpg 768w, https:\/\/www.mhuv.gov.dz\/wp-content\/uploads\/2023\/03\/FB_IMG_1678090418758-390x220.jpg 390w, https:\/\/www.mhuv.gov.dz\/wp-content\/uploads\/2023\/03\/FB_IMG_1678090418758.jpg 1024w\" sizes=\"auto, (max-width: 300px) 100vw, 300px\" \/> <img loading=\"lazy\" decoding=\"async\" class=\"alignnone size-medium wp-image-8021\" src=\"https:\/\/www.mhuv.gov.dz\/wp-content\/uploads\/2023\/03\/FB_IMG_1678090421292-300x169.jpg\" alt=\"\" width=\"300\" height=\"169\" srcset=\"https:\/\/www.mhuv.gov.dz\/wp-content\/uploads\/2023\/03\/FB_IMG_1678090421292-300x169.jpg 300w, https:\/\/www.mhuv.gov.dz\/wp-content\/uploads\/2023\/03\/FB_IMG_1678090421292-768x432.jpg 768w, https:\/\/www.mhuv.gov.dz\/wp-content\/uploads\/2023\/03\/FB_IMG_1678090421292-390x220.jpg 390w, https:\/\/www.mhuv.gov.dz\/wp-content\/uploads\/2023\/03\/FB_IMG_1678090421292.jpg 1024w\" sizes=\"auto, (max-width: 300px) 100vw, 300px\" \/><\/p>\n<h3>Il s&rsquo;agit d&rsquo;une nouvelle \u00e9tape que conna\u00eet la cit\u00e9 des 13300 logements AADL \u00e0 Sidi Abdallah qui permettrait de montrer le potentiel intellectuel des jeunes alg\u00e9riens qui sont derri\u00e8re d\u2019un projet auquel le secteur accorde une attention particuli\u00e8re, comme l\u2019a d\u00e9clar\u00e9 monsieur le ministre apr\u00e8s une pr\u00e9sentation sur les espaces verts et la v\u00e9g\u00e9tation qui seront choisis pour d\u00e9corer les rues du m\u00eame site.<\/h3>\n<h3>Des plantes adapt\u00e9es au climat de la zone ont \u00e9t\u00e9 choisies (la r\u00e9gion du bassin m\u00e9diterran\u00e9en), qui sont des plantes \u00e0 fleurs et aromatiques et des arbres.<\/h3>\n<p><img loading=\"lazy\" decoding=\"async\" class=\"alignnone size-medium wp-image-8023\" src=\"https:\/\/www.mhuv.gov.dz\/wp-content\/uploads\/2023\/03\/FB_IMG_1678090400588-300x169.jpg\" alt=\"\" width=\"300\" height=\"169\" srcset=\"https:\/\/www.mhuv.gov.dz\/wp-content\/uploads\/2023\/03\/FB_IMG_1678090400588-300x169.jpg 300w, https:\/\/www.mhuv.gov.dz\/wp-content\/uploads\/2023\/03\/FB_IMG_1678090400588-768x432.jpg 768w, https:\/\/www.mhuv.gov.dz\/wp-content\/uploads\/2023\/03\/FB_IMG_1678090400588-390x220.jpg 390w, https:\/\/www.mhuv.gov.dz\/wp-content\/uploads\/2023\/03\/FB_IMG_1678090400588.jpg 1024w\" sizes=\"auto, (max-width: 300px) 100vw, 300px\" \/> <img loading=\"lazy\" decoding=\"async\" class=\"alignnone size-medium wp-image-8024\" src=\"https:\/\/www.mhuv.gov.dz\/wp-content\/uploads\/2023\/03\/FB_IMG_1678090429048-300x169.jpg\" alt=\"\" width=\"300\" height=\"169\" srcset=\"https:\/\/www.mhuv.gov.dz\/wp-content\/uploads\/2023\/03\/FB_IMG_1678090429048-300x169.jpg 300w, https:\/\/www.mhuv.gov.dz\/wp-content\/uploads\/2023\/03\/FB_IMG_1678090429048-1024x576.jpg 1024w, https:\/\/www.mhuv.gov.dz\/wp-content\/uploads\/2023\/03\/FB_IMG_1678090429048-768x432.jpg 768w, https:\/\/www.mhuv.gov.dz\/wp-content\/uploads\/2023\/03\/FB_IMG_1678090429048-390x220.jpg 390w, https:\/\/www.mhuv.gov.dz\/wp-content\/uploads\/2023\/03\/FB_IMG_1678090429048.jpg 1080w\" sizes=\"auto, (max-width: 300px) 100vw, 300px\" \/><\/p>\n","protected":false},"excerpt":{"rendered":"<p>Le ministre de l\u2019Habitat, de l\u2019Urbanisme et de la Ville, Monsieur Mohamed Tarek Belaribi a effectu\u00e9, le Dimanche 05 Mars 2023, une\u00a0visite d\u2019inspection au niveau\u00a0du\u00a0site des 13.300 logements AADL, \u00e0 Sidi Abdallah, afin de s\u2019enqu\u00e9rir de l\u2019\u00e9tat d\u2019avancement des travaux. Monsieur le Ministre\u00a0a appr\u00e9ci\u00e9 le rythme acc\u00e9l\u00e9r\u00e9 des travaux, apr\u00e8s la r\u00e9union technique et la &hellip;<\/p>\n","protected":false},"author":4,"featured_media":8012,"comment_status":"open","ping_status":"open","sticky":false,"template":"","format":"standard","meta":{"footnotes":""},"categories":[161,157],"tags":[],"class_list":["post-8031","post","type-post","status-publish","format-standard","has-post-thumbnail","hentry","category-activites-de-mr-ministre","category-nouveautes"],"lang":"fr","translations":{"fr":8031,"ar":8008},"pll_sync_post":[],"_links":{"self":[{"href":"https:\/\/www.mhuv.gov.dz\/index.php?rest_route=\/wp\/v2\/posts\/8031","targetHints":{"allow":["GET"]}}],"collection":[{"href":"https:\/\/www.mhuv.gov.dz\/index.php?rest_route=\/wp\/v2\/posts"}],"about":[{"href":"https:\/\/www.mhuv.gov.dz\/index.php?rest_route=\/wp\/v2\/types\/post"}],"author":[{"embeddable":true,"href":"https:\/\/www.mhuv.gov.dz\/index.php?rest_route=\/wp\/v2\/users\/4"}],"replies":[{"embeddable":true,"href":"https:\/\/www.mhuv.gov.dz\/index.php?rest_route=%2Fwp%2Fv2%2Fcomments&post=8031"}],"version-history":[{"count":1,"href":"https:\/\/www.mhuv.gov.dz\/index.php?rest_route=\/wp\/v2\/posts\/8031\/revisions"}],"predecessor-version":[{"id":8032,"href":"https:\/\/www.mhuv.gov.dz\/index.php?rest_route=\/wp\/v2\/posts\/8031\/revisions\/8032"}],"wp:featuredmedia":[{"embeddable":true,"href":"https:\/\/www.mhuv.gov.dz\/index.php?rest_route=\/wp\/v2\/media\/8012"}],"wp:attachment":[{"href":"https:\/\/www.mhuv.gov.dz\/index.php?rest_route=%2Fwp%2Fv2%2Fmedia&parent=8031"}],"wp:term":[{"taxonomy":"category","embeddable":true,"href":"https:\/\/www.mhuv.gov.dz\/index.php?rest_route=%2Fwp%2Fv2%2Fcategories&post=8031"},{"taxonomy":"post_tag","embeddable":true,"href":"https:\/\/www.mhuv.gov.dz\/index.php?rest_route=%2Fwp%2Fv2%2Ftags&post=8031"}],"curies":[{"name":"wp","href":"https:\/\/api.w.org\/{rel}","templated":true}]}}