{"id":7785,"date":"2022-12-19T14:25:34","date_gmt":"2022-12-19T14:25:34","guid":{"rendered":"https:\/\/www.mhuv.gov.dz\/?p=7785"},"modified":"2022-12-21T14:19:37","modified_gmt":"2022-12-21T14:19:37","slug":"le-ministre-de-lhabitat-de-lurbanisme-et-de-la-ville-monsieur-mohamed-tarek-belaribi-procede-a-la-pose-de-la-premiere-pierre-pour-la-realisation-dun-college-base-06-au-ni","status":"publish","type":"post","link":"https:\/\/www.mhuv.gov.dz\/?p=7785&lang=fr","title":{"rendered":"Le ministre de l\u2019Habitat, de l\u2019Urbanisme et de la Ville, Monsieur Mohamed Tarek Belaribi, proc\u00e8de \u00e0 la pose de la premi\u00e8re pierre pour la r\u00e9alisation d\u2019un coll\u00e8ge base 06 au niveau de la cit\u00e9 Ahmed Gaid Saleh \u00e0 Ain-Djerda"},"content":{"rendered":"<h3>Dans la derni\u00e8re \u00e9tape de sa visite\u00a0le ministre de l\u2019Habitat, de l\u2019Urbanisme et de la Ville, Monsieur Mohamed Tarek Belaribi,\u00a0a proc\u00e9d\u00e9\u00a0\u00e0 la pose de la premi\u00e8re pierre pour la r\u00e9alisation d\u2019un coll\u00e8ge base 06 au niveau de la cit\u00e9 Ahmed Gaid Saleh\u00a0\u00e0 Ain-Djerda.<\/h3>\n<p><img loading=\"lazy\" decoding=\"async\" class=\"alignnone size-medium wp-image-7754\" src=\"https:\/\/www.mhuv.gov.dz\/wp-content\/uploads\/2022\/12\/FB_IMG_1671459614612-300x169.jpg\" alt=\"\" width=\"300\" height=\"169\" srcset=\"https:\/\/www.mhuv.gov.dz\/wp-content\/uploads\/2022\/12\/FB_IMG_1671459614612-300x169.jpg 300w, https:\/\/www.mhuv.gov.dz\/wp-content\/uploads\/2022\/12\/FB_IMG_1671459614612-768x432.jpg 768w, https:\/\/www.mhuv.gov.dz\/wp-content\/uploads\/2022\/12\/FB_IMG_1671459614612-390x220.jpg 390w, https:\/\/www.mhuv.gov.dz\/wp-content\/uploads\/2022\/12\/FB_IMG_1671459614612.jpg 960w\" sizes=\"auto, (max-width: 300px) 100vw, 300px\" \/> <img loading=\"lazy\" decoding=\"async\" class=\"alignnone size-medium wp-image-7755\" src=\"https:\/\/www.mhuv.gov.dz\/wp-content\/uploads\/2022\/12\/FB_IMG_1671459620799-300x169.jpg\" alt=\"\" width=\"300\" height=\"169\" srcset=\"https:\/\/www.mhuv.gov.dz\/wp-content\/uploads\/2022\/12\/FB_IMG_1671459620799-300x169.jpg 300w, https:\/\/www.mhuv.gov.dz\/wp-content\/uploads\/2022\/12\/FB_IMG_1671459620799-768x432.jpg 768w, https:\/\/www.mhuv.gov.dz\/wp-content\/uploads\/2022\/12\/FB_IMG_1671459620799-390x220.jpg 390w, https:\/\/www.mhuv.gov.dz\/wp-content\/uploads\/2022\/12\/FB_IMG_1671459620799.jpg 960w\" sizes=\"auto, (max-width: 300px) 100vw, 300px\" \/> <img loading=\"lazy\" decoding=\"async\" class=\"alignnone size-medium wp-image-7756\" src=\"https:\/\/www.mhuv.gov.dz\/wp-content\/uploads\/2022\/12\/FB_IMG_1671459624383-300x169.jpg\" alt=\"\" width=\"300\" height=\"169\" srcset=\"https:\/\/www.mhuv.gov.dz\/wp-content\/uploads\/2022\/12\/FB_IMG_1671459624383-300x169.jpg 300w, https:\/\/www.mhuv.gov.dz\/wp-content\/uploads\/2022\/12\/FB_IMG_1671459624383-768x432.jpg 768w, https:\/\/www.mhuv.gov.dz\/wp-content\/uploads\/2022\/12\/FB_IMG_1671459624383-390x220.jpg 390w, https:\/\/www.mhuv.gov.dz\/wp-content\/uploads\/2022\/12\/FB_IMG_1671459624383.jpg 960w\" sizes=\"auto, (max-width: 300px) 100vw, 300px\" \/> <img loading=\"lazy\" decoding=\"async\" class=\"alignnone size-medium wp-image-7757\" src=\"https:\/\/www.mhuv.gov.dz\/wp-content\/uploads\/2022\/12\/FB_IMG_1671459640156-300x169.jpg\" alt=\"\" width=\"300\" height=\"169\" srcset=\"https:\/\/www.mhuv.gov.dz\/wp-content\/uploads\/2022\/12\/FB_IMG_1671459640156-300x169.jpg 300w, https:\/\/www.mhuv.gov.dz\/wp-content\/uploads\/2022\/12\/FB_IMG_1671459640156-768x432.jpg 768w, https:\/\/www.mhuv.gov.dz\/wp-content\/uploads\/2022\/12\/FB_IMG_1671459640156-390x220.jpg 390w, https:\/\/www.mhuv.gov.dz\/wp-content\/uploads\/2022\/12\/FB_IMG_1671459640156.jpg 960w\" sizes=\"auto, (max-width: 300px) 100vw, 300px\" \/><\/p>\n","protected":false},"excerpt":{"rendered":"<p>Dans la derni\u00e8re \u00e9tape de sa visite\u00a0le ministre de l\u2019Habitat, de l\u2019Urbanisme et de la Ville, Monsieur Mohamed Tarek Belaribi,\u00a0a proc\u00e9d\u00e9\u00a0\u00e0 la pose de la premi\u00e8re pierre pour la r\u00e9alisation d\u2019un coll\u00e8ge base 06 au niveau de la cit\u00e9 Ahmed Gaid Saleh\u00a0\u00e0 Ain-Djerda.<\/p>\n","protected":false},"author":4,"featured_media":7753,"comment_status":"open","ping_status":"open","sticky":false,"template":"","format":"standard","meta":{"footnotes":""},"categories":[161,157],"tags":[],"class_list":["post-7785","post","type-post","status-publish","format-standard","has-post-thumbnail","hentry","category-activites-de-mr-ministre","category-nouveautes"],"lang":"fr","translations":{"fr":7785,"ar":7752},"pll_sync_post":[],"_links":{"self":[{"href":"https:\/\/www.mhuv.gov.dz\/index.php?rest_route=\/wp\/v2\/posts\/7785","targetHints":{"allow":["GET"]}}],"collection":[{"href":"https:\/\/www.mhuv.gov.dz\/index.php?rest_route=\/wp\/v2\/posts"}],"about":[{"href":"https:\/\/www.mhuv.gov.dz\/index.php?rest_route=\/wp\/v2\/types\/post"}],"author":[{"embeddable":true,"href":"https:\/\/www.mhuv.gov.dz\/index.php?rest_route=\/wp\/v2\/users\/4"}],"replies":[{"embeddable":true,"href":"https:\/\/www.mhuv.gov.dz\/index.php?rest_route=%2Fwp%2Fv2%2Fcomments&post=7785"}],"version-history":[{"count":1,"href":"https:\/\/www.mhuv.gov.dz\/index.php?rest_route=\/wp\/v2\/posts\/7785\/revisions"}],"predecessor-version":[{"id":7786,"href":"https:\/\/www.mhuv.gov.dz\/index.php?rest_route=\/wp\/v2\/posts\/7785\/revisions\/7786"}],"wp:featuredmedia":[{"embeddable":true,"href":"https:\/\/www.mhuv.gov.dz\/index.php?rest_route=\/wp\/v2\/media\/7753"}],"wp:attachment":[{"href":"https:\/\/www.mhuv.gov.dz\/index.php?rest_route=%2Fwp%2Fv2%2Fmedia&parent=7785"}],"wp:term":[{"taxonomy":"category","embeddable":true,"href":"https:\/\/www.mhuv.gov.dz\/index.php?rest_route=%2Fwp%2Fv2%2Fcategories&post=7785"},{"taxonomy":"post_tag","embeddable":true,"href":"https:\/\/www.mhuv.gov.dz\/index.php?rest_route=%2Fwp%2Fv2%2Ftags&post=7785"}],"curies":[{"name":"wp","href":"https:\/\/api.w.org\/{rel}","templated":true}]}}