{"id":7688,"date":"2022-12-12T14:58:05","date_gmt":"2022-12-12T14:58:05","guid":{"rendered":"https:\/\/www.mhuv.gov.dz\/?p=7688"},"modified":"2022-12-14T13:00:42","modified_gmt":"2022-12-14T13:00:42","slug":"le-ministre-de-lhabitat-de-lurbanisme-et-de-la-ville-mohamed-tarek-belaribi-preside-une-reunion-technique-au-siege-du-ministere","status":"publish","type":"post","link":"https:\/\/www.mhuv.gov.dz\/?p=7688&lang=fr","title":{"rendered":"Le ministre de l\u2019Habitat, de l\u2019Urbanisme et de la Ville, Mohamed Tarek Belaribi, pr\u00e9side une r\u00e9union technique au si\u00e8ge du minist\u00e8re."},"content":{"rendered":"<h3 style=\"text-align: justify; background: white; margin: 0cm 0cm 8.0pt 0cm;\"><span style=\"font-size: 13.0pt; font-family: 'Arial Narrow',sans-serif; color: black;\">Le ministre de l\u2019Habitat, de l\u2019Urbanisme et de la Ville, Mohamed Tarek Belaribi, a pr\u00e9sid\u00e9 le Lundi 12 D\u00e9cembre 2022, une r\u00e9union technique au si\u00e8ge du minist\u00e8re en pr\u00e9sence de\u00a0:<\/span><\/h3>\n<h3 style=\"text-align: justify; background: white; font-variant-ligatures: normal; font-variant-caps: normal; orphans: 2; widows: 2; -webkit-text-stroke-width: 0px; text-decoration-thickness: initial; text-decoration-style: initial; text-decoration-color: initial; background-image: initial; background-position: initial; background-size: initial; background-repeat: initial; background-origin: initial; background-clip: initial; word-spacing: 0px; margin: 0cm 0cm .0001pt 36.0pt;\"><span style=\"font-size: 13.0pt; font-family: 'Arial Narrow',sans-serif; color: black;\">&#8211;\u00a0\u00a0\u00a0\u00a0<\/span><span style=\"font-size: 13.0pt; font-family: 'Arial Narrow',sans-serif; color: #333333;\">\u00a0Monsieur Secr\u00e9taire G\u00e9n\u00e9ral du Minist\u00e8re<\/span><span style=\"font-size: 13.0pt; font-family: 'Arial Narrow',sans-serif; color: black;\">\u00a0de<b>\u00a0<\/b>l\u2019Habitat<b>,\u00a0<\/b>de<b>\u00a0<\/b>l\u2019<wbr \/>Urbanisme<b>\u00a0<\/b>et<b>\u00a0<\/b>de<b>\u00a0<\/b>la<b>\u00a0<\/b>Ville,<\/span><\/h3>\n<h3 style=\"text-align: justify; background: white; font-variant-ligatures: normal; font-variant-caps: normal; orphans: 2; widows: 2; -webkit-text-stroke-width: 0px; text-decoration-thickness: initial; text-decoration-style: initial; text-decoration-color: initial; background-image: initial; background-position: initial; background-size: initial; background-repeat: initial; background-origin: initial; background-clip: initial; word-spacing: 0px; margin: 0cm 0cm .0001pt 36.0pt;\"><span style=\"font-size: 13.0pt; font-family: 'Arial Narrow',sans-serif; color: black;\">&#8211;<\/span><span style=\"font-size: 7.0pt; font-family: 'Arial Narrow',sans-serif; color: black;\">\u00a0\u00a0\u00a0\u00a0\u00a0\u00a0\u00a0\u00a0<\/span><span style=\"font-size: 13.0pt; font-family: 'Arial Narrow',sans-serif; color: #333333;\">Madame la Cheffe du Cabinet du Minist\u00e8re<\/span><span style=\"font-size: 13.0pt; font-family: 'Arial Narrow',sans-serif; color: black;\">\u00a0de<b>\u00a0<\/b>l\u2019Habitat<b>,\u00a0<\/b>de<b>\u00a0<\/b>l\u2019<wbr \/>Urbanisme<b>\u00a0<\/b>et<b>\u00a0<\/b>de<b>\u00a0<\/b>la<b>\u00a0<\/b>Ville,<\/span><\/h3>\n<h3 style=\"text-align: justify; background: white; font-variant-ligatures: normal; font-variant-caps: normal; orphans: 2; widows: 2; -webkit-text-stroke-width: 0px; text-decoration-thickness: initial; text-decoration-style: initial; text-decoration-color: initial; background-image: initial; background-position: initial; background-size: initial; background-repeat: initial; background-origin: initial; background-clip: initial; word-spacing: 0px; margin: 0cm 0cm .0001pt 36.0pt;\"><span style=\"font-size: 13.0pt; font-family: 'Arial Narrow',sans-serif; color: #333333;\">&#8211;<\/span><span style=\"font-size: 7.0pt; font-family: 'Arial Narrow',sans-serif; color: #333333;\">\u00a0\u00a0\u00a0\u00a0\u00a0\u00a0\u00a0\u00a0\u00a0<\/span><span style=\"font-size: 13.0pt; font-family: 'Arial Narrow',sans-serif; color: #28323d;\">Le Directeur G\u00e9n\u00e9rale du Logement,<\/span><\/h3>\n<h3 style=\"text-align: justify; background: white; font-variant-ligatures: normal; font-variant-caps: normal; orphans: 2; widows: 2; -webkit-text-stroke-width: 0px; text-decoration-thickness: initial; text-decoration-style: initial; text-decoration-color: initial; background-image: initial; background-position: initial; background-size: initial; background-repeat: initial; background-origin: initial; background-clip: initial; word-spacing: 0px; margin: 0cm 0cm .0001pt 36.0pt;\"><span style=\"font-size: 13.0pt; font-family: 'Arial Narrow',sans-serif; color: #333333;\">&#8211;<\/span><span style=\"font-size: 13.0pt; font-family: 'Arial Narrow',sans-serif; color: #28323d;\">\u00a0\u00a0 \u00a0\u00a0Dr Khalf Allah, expert en informatique.<\/span><\/h3>\n<p>&nbsp;<\/p>\n<h3 style=\"text-align: justify; background: white; font-variant-ligatures: normal; font-variant-caps: normal; orphans: 2; widows: 2; -webkit-text-stroke-width: 0px; text-decoration-thickness: initial; text-decoration-style: initial; text-decoration-color: initial; background-image: initial; background-position: initial; background-size: initial; background-repeat: initial; background-origin: initial; background-clip: initial; word-spacing: 0px; margin: 0cm 0cm 8.0pt 0cm;\"><b><span style=\"font-size: 14.0pt; font-family: 'Arial Narrow',sans-serif; color: black;\"> <img loading=\"lazy\" decoding=\"async\" class=\"alignnone  wp-image-7689\" src=\"https:\/\/www.mhuv.gov.dz\/wp-content\/uploads\/2022\/12\/FB_IMG_1670913988325-1-300x135.jpg\" alt=\"\" width=\"333\" height=\"150\" srcset=\"https:\/\/www.mhuv.gov.dz\/wp-content\/uploads\/2022\/12\/FB_IMG_1670913988325-1-300x135.jpg 300w, https:\/\/www.mhuv.gov.dz\/wp-content\/uploads\/2022\/12\/FB_IMG_1670913988325-1-768x346.jpg 768w, https:\/\/www.mhuv.gov.dz\/wp-content\/uploads\/2022\/12\/FB_IMG_1670913988325-1.jpg 1008w\" sizes=\"auto, (max-width: 333px) 100vw, 333px\" \/> <img loading=\"lazy\" decoding=\"async\" class=\"alignnone  wp-image-7690\" src=\"https:\/\/www.mhuv.gov.dz\/wp-content\/uploads\/2022\/12\/FB_IMG_1670913991092-1-300x135.jpg\" alt=\"\" width=\"332\" height=\"149\" srcset=\"https:\/\/www.mhuv.gov.dz\/wp-content\/uploads\/2022\/12\/FB_IMG_1670913991092-1-300x135.jpg 300w, https:\/\/www.mhuv.gov.dz\/wp-content\/uploads\/2022\/12\/FB_IMG_1670913991092-1-768x346.jpg 768w, https:\/\/www.mhuv.gov.dz\/wp-content\/uploads\/2022\/12\/FB_IMG_1670913991092-1.jpg 1008w\" sizes=\"auto, (max-width: 332px) 100vw, 332px\" \/><\/span><\/b><\/h3>\n<h3 style=\"text-align: justify; text-indent: 7.1pt; background: white; font-variant-ligatures: normal; font-variant-caps: normal; orphans: 2; widows: 2; -webkit-text-stroke-width: 0px; text-decoration-thickness: initial; text-decoration-style: initial; text-decoration-color: initial; background-image: initial; background-position: initial; background-size: initial; background-repeat: initial; background-origin: initial; background-clip: initial; word-spacing: 0px;\"><span style=\"background-image: initial; background-position: initial; background-size: initial; background-repeat: initial; background-origin: initial; background-clip: initial;\"><span style=\"font-size: 13.0pt; font-family: 'Arial Narrow',sans-serif; color: #222222;\">La rencontre a \u00e9t\u00e9 marqu\u00e9e par la pr\u00e9sentation de la plateforme num\u00e9rique du logement rural, que le minist\u00e8re de l\u2019Habitat et de l\u2019Urbanisme envisage adopter dans l\u2019op\u00e9ration de distribution du logement rural sur l\u2019ensemble du territoire.<\/span><\/span><\/h3>\n<h3 style=\"text-align: justify; text-indent: 7.1pt; background: white; font-variant-ligatures: normal; font-variant-caps: normal; orphans: 2; widows: 2; -webkit-text-stroke-width: 0px; text-decoration-thickness: initial; text-decoration-style: initial; text-decoration-color: initial; background-image: initial; background-position: initial; background-size: initial; background-repeat: initial; background-origin: initial; background-clip: initial; word-spacing: 0px;\"><span style=\"background-image: initial; background-position: initial; background-size: initial; background-repeat: initial; background-origin: initial; background-clip: initial;\"><span style=\"font-size: 13.0pt; font-family: 'Arial Narrow',sans-serif; color: #222222;\">Des observations ont \u00e9t\u00e9 formul\u00e9es sur la forme et le contenu de ce qui a \u00e9t\u00e9 pr\u00e9sent\u00e9 dans cette plate-forme, alors qu\u2019une deuxi\u00e8me r\u00e9union sera programm\u00e9e afin de compl\u00e9ter cette derni\u00e8re, ce qui faciliterait les d\u00e9marches administratives pour l\u2019obtention d\u2019un logement rural, et l\u2019enregistrement \u00e9lectronique devient le seul moyen pour obtenir cette aide.<\/span><\/span><\/h3>\n<p><img loading=\"lazy\" decoding=\"async\" class=\"alignnone size-medium wp-image-7691\" src=\"https:\/\/www.mhuv.gov.dz\/wp-content\/uploads\/2022\/12\/FB_IMG_1670913984724-1-300x135.jpg\" alt=\"\" width=\"300\" height=\"135\" srcset=\"https:\/\/www.mhuv.gov.dz\/wp-content\/uploads\/2022\/12\/FB_IMG_1670913984724-1-300x135.jpg 300w, https:\/\/www.mhuv.gov.dz\/wp-content\/uploads\/2022\/12\/FB_IMG_1670913984724-1-768x346.jpg 768w, https:\/\/www.mhuv.gov.dz\/wp-content\/uploads\/2022\/12\/FB_IMG_1670913984724-1.jpg 1008w\" sizes=\"auto, (max-width: 300px) 100vw, 300px\" \/> <img loading=\"lazy\" decoding=\"async\" class=\"alignnone size-medium wp-image-7692\" src=\"https:\/\/www.mhuv.gov.dz\/wp-content\/uploads\/2022\/12\/FB_IMG_1670913997946-1-300x135.jpg\" alt=\"\" width=\"300\" height=\"135\" srcset=\"https:\/\/www.mhuv.gov.dz\/wp-content\/uploads\/2022\/12\/FB_IMG_1670913997946-1-300x135.jpg 300w, https:\/\/www.mhuv.gov.dz\/wp-content\/uploads\/2022\/12\/FB_IMG_1670913997946-1-768x346.jpg 768w, https:\/\/www.mhuv.gov.dz\/wp-content\/uploads\/2022\/12\/FB_IMG_1670913997946-1.jpg 1008w\" sizes=\"auto, (max-width: 300px) 100vw, 300px\" \/><\/p>\n","protected":false},"excerpt":{"rendered":"<p>Le ministre de l\u2019Habitat, de l\u2019Urbanisme et de la Ville, Mohamed Tarek Belaribi, a pr\u00e9sid\u00e9 le Lundi 12 D\u00e9cembre 2022, une r\u00e9union technique au si\u00e8ge du minist\u00e8re en pr\u00e9sence de\u00a0: &#8211;\u00a0\u00a0\u00a0\u00a0\u00a0Monsieur Secr\u00e9taire G\u00e9n\u00e9ral du Minist\u00e8re\u00a0de\u00a0l\u2019Habitat,\u00a0de\u00a0l\u2019Urbanisme\u00a0et\u00a0de\u00a0la\u00a0Ville, &#8211;\u00a0\u00a0\u00a0\u00a0\u00a0\u00a0\u00a0\u00a0Madame la Cheffe du Cabinet du Minist\u00e8re\u00a0de\u00a0l\u2019Habitat,\u00a0de\u00a0l\u2019Urbanisme\u00a0et\u00a0de\u00a0la\u00a0Ville, &#8211;\u00a0\u00a0\u00a0\u00a0\u00a0\u00a0\u00a0\u00a0\u00a0Le Directeur G\u00e9n\u00e9rale du Logement, &#8211;\u00a0\u00a0 \u00a0\u00a0Dr Khalf Allah, expert en informatique. &nbsp; &hellip;<\/p>\n","protected":false},"author":4,"featured_media":7682,"comment_status":"open","ping_status":"open","sticky":false,"template":"","format":"standard","meta":{"footnotes":""},"categories":[161,157],"tags":[],"class_list":["post-7688","post","type-post","status-publish","format-standard","has-post-thumbnail","hentry","category-activites-de-mr-ministre","category-nouveautes"],"lang":"fr","translations":{"fr":7688,"ar":7681},"pll_sync_post":[],"_links":{"self":[{"href":"https:\/\/www.mhuv.gov.dz\/index.php?rest_route=\/wp\/v2\/posts\/7688","targetHints":{"allow":["GET"]}}],"collection":[{"href":"https:\/\/www.mhuv.gov.dz\/index.php?rest_route=\/wp\/v2\/posts"}],"about":[{"href":"https:\/\/www.mhuv.gov.dz\/index.php?rest_route=\/wp\/v2\/types\/post"}],"author":[{"embeddable":true,"href":"https:\/\/www.mhuv.gov.dz\/index.php?rest_route=\/wp\/v2\/users\/4"}],"replies":[{"embeddable":true,"href":"https:\/\/www.mhuv.gov.dz\/index.php?rest_route=%2Fwp%2Fv2%2Fcomments&post=7688"}],"version-history":[{"count":1,"href":"https:\/\/www.mhuv.gov.dz\/index.php?rest_route=\/wp\/v2\/posts\/7688\/revisions"}],"predecessor-version":[{"id":7693,"href":"https:\/\/www.mhuv.gov.dz\/index.php?rest_route=\/wp\/v2\/posts\/7688\/revisions\/7693"}],"wp:featuredmedia":[{"embeddable":true,"href":"https:\/\/www.mhuv.gov.dz\/index.php?rest_route=\/wp\/v2\/media\/7682"}],"wp:attachment":[{"href":"https:\/\/www.mhuv.gov.dz\/index.php?rest_route=%2Fwp%2Fv2%2Fmedia&parent=7688"}],"wp:term":[{"taxonomy":"category","embeddable":true,"href":"https:\/\/www.mhuv.gov.dz\/index.php?rest_route=%2Fwp%2Fv2%2Fcategories&post=7688"},{"taxonomy":"post_tag","embeddable":true,"href":"https:\/\/www.mhuv.gov.dz\/index.php?rest_route=%2Fwp%2Fv2%2Ftags&post=7688"}],"curies":[{"name":"wp","href":"https:\/\/api.w.org\/{rel}","templated":true}]}}