{"id":7255,"date":"2022-09-26T16:34:38","date_gmt":"2022-09-26T16:34:38","guid":{"rendered":"https:\/\/www.mhuv.gov.dz\/?p=7255"},"modified":"2022-09-28T10:46:18","modified_gmt":"2022-09-28T10:46:18","slug":"le-ministre-de-lhabitat-de-lurbanisme-et-de-la-ville-monsieur-mohamed-tarek-belaribi-preside-une-reunion-de-coordination-qui-concerne-la-preparation-de-loperation-de-dist","status":"publish","type":"post","link":"https:\/\/www.mhuv.gov.dz\/?p=7255&lang=fr","title":{"rendered":"Le ministre de l\u2019Habitat, de l\u2019Urbanisme et de la Ville, Monsieur Mohamed Tarek Belaribi, pr\u00e9side une r\u00e9union de coordination qui concerne la pr\u00e9paration de l\u2019op\u00e9ration de distribution des logements \u00e0 l\u2019occasion du premier Novembre"},"content":{"rendered":"<h3>Le ministre de l\u2019Habitat, de l\u2019Urbanisme et de la Ville, Monsieur Mohamed Tarek Belaribi, a pr\u00e9sid\u00e9 le Lundi 26 Septembre 2022,\u00a0une r\u00e9union de coordination en pr\u00e9sence de Monsieur le Secr\u00e9taire G\u00e9n\u00e9ral, Madame la Cheffe de Cabinet ainsi que des cadres centraux du minist\u00e8re, consacr\u00e9e \u00e0 la pr\u00e9paration de l\u2019op\u00e9ration de distribution des logements \u00e0 l\u2019occasion du premier Novembre.<\/h3>\n<p><img loading=\"lazy\" decoding=\"async\" class=\"alignnone  wp-image-7256\" src=\"https:\/\/www.mhuv.gov.dz\/wp-content\/uploads\/2022\/09\/FB_IMG_1664263243953-1-300x140.jpg\" alt=\"\" width=\"326\" height=\"152\" srcset=\"https:\/\/www.mhuv.gov.dz\/wp-content\/uploads\/2022\/09\/FB_IMG_1664263243953-1-300x140.jpg 300w, https:\/\/www.mhuv.gov.dz\/wp-content\/uploads\/2022\/09\/FB_IMG_1664263243953-1-768x359.jpg 768w, https:\/\/www.mhuv.gov.dz\/wp-content\/uploads\/2022\/09\/FB_IMG_1664263243953-1.jpg 1000w\" sizes=\"auto, (max-width: 326px) 100vw, 326px\" \/> <img loading=\"lazy\" decoding=\"async\" class=\"alignnone  wp-image-7257\" src=\"https:\/\/www.mhuv.gov.dz\/wp-content\/uploads\/2022\/09\/FB_IMG_1664263248341-1-300x140.jpg\" alt=\"\" width=\"325\" height=\"152\" srcset=\"https:\/\/www.mhuv.gov.dz\/wp-content\/uploads\/2022\/09\/FB_IMG_1664263248341-1-300x140.jpg 300w, https:\/\/www.mhuv.gov.dz\/wp-content\/uploads\/2022\/09\/FB_IMG_1664263248341-1-768x359.jpg 768w, https:\/\/www.mhuv.gov.dz\/wp-content\/uploads\/2022\/09\/FB_IMG_1664263248341-1.jpg 1000w\" sizes=\"auto, (max-width: 325px) 100vw, 325px\" \/><\/p>\n<p><img loading=\"lazy\" decoding=\"async\" class=\"wp-image-7258 aligncenter\" src=\"https:\/\/www.mhuv.gov.dz\/wp-content\/uploads\/2022\/09\/FB_IMG_1664263250542-1-300x140.jpg\" alt=\"\" width=\"319\" height=\"149\" srcset=\"https:\/\/www.mhuv.gov.dz\/wp-content\/uploads\/2022\/09\/FB_IMG_1664263250542-1-300x140.jpg 300w, https:\/\/www.mhuv.gov.dz\/wp-content\/uploads\/2022\/09\/FB_IMG_1664263250542-1-768x359.jpg 768w, https:\/\/www.mhuv.gov.dz\/wp-content\/uploads\/2022\/09\/FB_IMG_1664263250542-1.jpg 1000w\" sizes=\"auto, (max-width: 319px) 100vw, 319px\" \/><\/p>\n","protected":false},"excerpt":{"rendered":"<p>Le ministre de l\u2019Habitat, de l\u2019Urbanisme et de la Ville, Monsieur Mohamed Tarek Belaribi, a pr\u00e9sid\u00e9 le Lundi 26 Septembre 2022,\u00a0une r\u00e9union de coordination en pr\u00e9sence de Monsieur le Secr\u00e9taire G\u00e9n\u00e9ral, Madame la Cheffe de Cabinet ainsi que des cadres centraux du minist\u00e8re, consacr\u00e9e \u00e0 la pr\u00e9paration de l\u2019op\u00e9ration de distribution des logements \u00e0 l\u2019occasion &hellip;<\/p>\n","protected":false},"author":4,"featured_media":7197,"comment_status":"open","ping_status":"open","sticky":false,"template":"","format":"standard","meta":{"footnotes":""},"categories":[161,157],"tags":[],"class_list":["post-7255","post","type-post","status-publish","format-standard","has-post-thumbnail","hentry","category-activites-de-mr-ministre","category-nouveautes"],"lang":"fr","translations":{"fr":7255,"ar":7196},"pll_sync_post":[],"_links":{"self":[{"href":"https:\/\/www.mhuv.gov.dz\/index.php?rest_route=\/wp\/v2\/posts\/7255","targetHints":{"allow":["GET"]}}],"collection":[{"href":"https:\/\/www.mhuv.gov.dz\/index.php?rest_route=\/wp\/v2\/posts"}],"about":[{"href":"https:\/\/www.mhuv.gov.dz\/index.php?rest_route=\/wp\/v2\/types\/post"}],"author":[{"embeddable":true,"href":"https:\/\/www.mhuv.gov.dz\/index.php?rest_route=\/wp\/v2\/users\/4"}],"replies":[{"embeddable":true,"href":"https:\/\/www.mhuv.gov.dz\/index.php?rest_route=%2Fwp%2Fv2%2Fcomments&post=7255"}],"version-history":[{"count":1,"href":"https:\/\/www.mhuv.gov.dz\/index.php?rest_route=\/wp\/v2\/posts\/7255\/revisions"}],"predecessor-version":[{"id":7259,"href":"https:\/\/www.mhuv.gov.dz\/index.php?rest_route=\/wp\/v2\/posts\/7255\/revisions\/7259"}],"wp:featuredmedia":[{"embeddable":true,"href":"https:\/\/www.mhuv.gov.dz\/index.php?rest_route=\/wp\/v2\/media\/7197"}],"wp:attachment":[{"href":"https:\/\/www.mhuv.gov.dz\/index.php?rest_route=%2Fwp%2Fv2%2Fmedia&parent=7255"}],"wp:term":[{"taxonomy":"category","embeddable":true,"href":"https:\/\/www.mhuv.gov.dz\/index.php?rest_route=%2Fwp%2Fv2%2Fcategories&post=7255"},{"taxonomy":"post_tag","embeddable":true,"href":"https:\/\/www.mhuv.gov.dz\/index.php?rest_route=%2Fwp%2Fv2%2Ftags&post=7255"}],"curies":[{"name":"wp","href":"https:\/\/api.w.org\/{rel}","templated":true}]}}