{"id":6754,"date":"2022-04-25T14:11:27","date_gmt":"2022-04-25T14:11:27","guid":{"rendered":"https:\/\/www.mhuv.gov.dz\/?p=6754"},"modified":"2022-04-26T11:34:35","modified_gmt":"2022-04-26T11:34:35","slug":"le-ministre-de-lhabitat-de-lurbanisme-et-de-la-ville-monsieur-mohamed-tarek-belaribi-preside-une-reunion-devaluation-sur-le-stade-de-douera","status":"publish","type":"post","link":"https:\/\/www.mhuv.gov.dz\/?p=6754&lang=fr","title":{"rendered":"Le ministre de l\u2019Habitat, de l\u2019Urbanisme et de la Ville, Monsieur Mohamed Tarek Belaribi, pr\u00e9side une r\u00e9union d\u2019\u00e9valuation sur le stade de \u00ab Dou\u00e9ra \u00bb"},"content":{"rendered":"<h3 style=\"font-weight: 400;\">Le ministre de l\u2019Habitat, de l\u2019Urbanisme et de la Ville, Monsieur Mohamed Tarek Belaribi, a pr\u00e9sid\u00e9 le Lundi 25 Avril 2022, une r\u00e9union d\u2019\u00e9valuation consacr\u00e9e au stade de \u00ab\u00a0Dou\u00e9ra\u00a0\u00bb, au si\u00e8ge du Minist\u00e8re de l\u2019Habitat, de l\u2019Urbanisme et de la Ville. La rencontre s&rsquo;est d\u00e9roul\u00e9e en pr\u00e9sence\u00a0des cadres centraux du Minist\u00e8re, du Bureau d\u2019\u00e9tudes \u00ab\u00a0CNIC\u00a0\u00bb, charg\u00e9 du suivi du projet, du bureau d\u2019\u00e9tudes\u00a0\u00ab\u00a0OUNE\u00a0\u00bb charg\u00e9 des \u00e9tudes ainsi que l\u2019entreprise de r\u00e9alisation ZCIGC.<\/h3>\n<h3 style=\"font-weight: 400;\">Apr\u00e8s la pr\u00e9sentation du plan de terrain qui montre les obstacles les plus importants qui entravent le projet, particuli\u00e8rement en ce qui concerne les travaux d\u2019am\u00e9nagement ext\u00e9rieur, notamment le transfert de la base de vie et de la centrale \u00e0 b\u00e9ton et de tout le mat\u00e9riel inutile \u00e0 l\u2019effet de permettre \u00e0 l\u2019entreprise de r\u00e9aliser ses travaux.<\/h3>\n<h3 style=\"font-weight: 400;\">Monsieur le Ministre a donn\u00e9 des instructions\u00a0:<\/h3>\n<h3 style=\"font-weight: 400;\">1-\u00a0\u00a0\u00a0\u00a0\u00a0\u00a0Sur le plan contractuel avec l\u2019entreprise chinoise de r\u00e9alisation\u00a0:<\/h3>\n<ul>\n<li style=\"font-weight: 400;\">\n<h3>La r\u00e9gularisation des montants dus par l\u2019entreprise de r\u00e9alisation chinoise,<\/h3>\n<\/li>\n<li style=\"font-weight: 400;\">\n<h3>La signature de contrats de travail avec des entreprises alg\u00e9riennes, en cas de d\u00e9faillance de l\u2019entreprise de r\u00e9alisation chinoise dans l\u2019application du syst\u00e8me 3*8, si cette derni\u00e8re ne respecte pas ce syst\u00e8me de travail avant le 06 Mai prochain,<\/h3>\n<\/li>\n<li style=\"font-weight: 400;\">\n<h3>L\u2019obligation faite \u00e0 l\u2019entreprise de r\u00e9alisation d\u2019acc\u00e9l\u00e9rer le processus de prise des d\u00e9cisions sur le terrain.<\/h3>\n<\/li>\n<\/ul>\n<h3 style=\"font-weight: 400;\">2-\u00a0\u00a0\u00a0\u00a0\u00a0\u00a0Sur le plan technique\u00a0:<\/h3>\n<ul>\n<li style=\"font-weight: 400;\">\n<h3>La lev\u00e9e toutes les r\u00e9serves qui concernent les \u00e9tudes au niveau du stade ainsi celles qui concernent le p\u00e9rim\u00e8tre ext\u00e9rieur pour permettre le lancement des travaux des structures techniques secondaires,<\/h3>\n<\/li>\n<li style=\"font-weight: 400;\">\n<h3>L\u2019acc\u00e9l\u00e9ration de la cadence de r\u00e9alisation des trois tunnels,<\/h3>\n<\/li>\n<li style=\"font-weight: 400;\">\n<h3>L\u2019\u00e9quipement total du parc du stade \u00e0 travers la lev\u00e9e de tout ce qui n\u2019a rien \u00e0 voir avec les travaux.<\/h3>\n<\/li>\n<\/ul>\n<h3 style=\"font-weight: 400;\">Concernant la toiture du stade\u00a0:<\/h3>\n<h3 style=\"font-weight: 400;\">Apr\u00e8s l\u2019ach\u00e8vement de la r\u00e9alisation de la structure m\u00e9tallique du stade, Monsieur le Ministre a donn\u00e9 des instructions \u00e0 l\u2019effet d\u2019\u00e9laborer la liste du mat\u00e9riel n\u00e9cessaire \u00e0 la r\u00e9alisation de la toiture, le recenser et le compter au niveau du d\u00e9p\u00f4t et de lever toutes les contraintes administratives qui emp\u00eachent son importation.<\/h3>\n","protected":false},"excerpt":{"rendered":"<p>Le ministre de l\u2019Habitat, de l\u2019Urbanisme et de la Ville, Monsieur Mohamed Tarek Belaribi, a pr\u00e9sid\u00e9 le Lundi 25 Avril 2022, une r\u00e9union d\u2019\u00e9valuation consacr\u00e9e au stade de \u00ab\u00a0Dou\u00e9ra\u00a0\u00bb, au si\u00e8ge du Minist\u00e8re de l\u2019Habitat, de l\u2019Urbanisme et de la Ville. La rencontre s&rsquo;est d\u00e9roul\u00e9e en pr\u00e9sence\u00a0des cadres centraux du Minist\u00e8re, du Bureau d\u2019\u00e9tudes \u00ab\u00a0CNIC\u00a0\u00bb, &hellip;<\/p>\n","protected":false},"author":4,"featured_media":6748,"comment_status":"open","ping_status":"open","sticky":false,"template":"","format":"standard","meta":{"footnotes":""},"categories":[161,157],"tags":[],"class_list":["post-6754","post","type-post","status-publish","format-standard","has-post-thumbnail","hentry","category-activites-de-mr-ministre","category-nouveautes"],"lang":"fr","translations":{"fr":6754,"ar":6747},"pll_sync_post":[],"_links":{"self":[{"href":"https:\/\/www.mhuv.gov.dz\/index.php?rest_route=\/wp\/v2\/posts\/6754","targetHints":{"allow":["GET"]}}],"collection":[{"href":"https:\/\/www.mhuv.gov.dz\/index.php?rest_route=\/wp\/v2\/posts"}],"about":[{"href":"https:\/\/www.mhuv.gov.dz\/index.php?rest_route=\/wp\/v2\/types\/post"}],"author":[{"embeddable":true,"href":"https:\/\/www.mhuv.gov.dz\/index.php?rest_route=\/wp\/v2\/users\/4"}],"replies":[{"embeddable":true,"href":"https:\/\/www.mhuv.gov.dz\/index.php?rest_route=%2Fwp%2Fv2%2Fcomments&post=6754"}],"version-history":[{"count":1,"href":"https:\/\/www.mhuv.gov.dz\/index.php?rest_route=\/wp\/v2\/posts\/6754\/revisions"}],"predecessor-version":[{"id":6755,"href":"https:\/\/www.mhuv.gov.dz\/index.php?rest_route=\/wp\/v2\/posts\/6754\/revisions\/6755"}],"wp:featuredmedia":[{"embeddable":true,"href":"https:\/\/www.mhuv.gov.dz\/index.php?rest_route=\/wp\/v2\/media\/6748"}],"wp:attachment":[{"href":"https:\/\/www.mhuv.gov.dz\/index.php?rest_route=%2Fwp%2Fv2%2Fmedia&parent=6754"}],"wp:term":[{"taxonomy":"category","embeddable":true,"href":"https:\/\/www.mhuv.gov.dz\/index.php?rest_route=%2Fwp%2Fv2%2Fcategories&post=6754"},{"taxonomy":"post_tag","embeddable":true,"href":"https:\/\/www.mhuv.gov.dz\/index.php?rest_route=%2Fwp%2Fv2%2Ftags&post=6754"}],"curies":[{"name":"wp","href":"https:\/\/api.w.org\/{rel}","templated":true}]}}