{"id":6442,"date":"2022-01-08T06:52:31","date_gmt":"2022-01-08T06:52:31","guid":{"rendered":"https:\/\/www.mhuv.gov.dz\/?p=6442"},"modified":"2022-01-25T10:47:29","modified_gmt":"2022-01-25T10:47:29","slug":"mohamed-tarek-belaribi-ministre-de-lhabitat-de-lurbanisme-et-de-la-ville-effectue-une-visite-de-travail-et-dinspection-au-niveau-de-la-wilaya-de-mostaganem","status":"publish","type":"post","link":"https:\/\/www.mhuv.gov.dz\/?p=6442&lang=fr","title":{"rendered":"Mohamed Tarek Belaribi, Ministre de l\u2019Habitat de l\u2019Urbanisme et de la Ville, effectue une visite de travail et d\u2019inspection, au niveau de la wilaya de Mostaganem"},"content":{"rendered":"<h3>Le Samedi 08 Janvier 2022, Mohamed Tarek Belaribi, Ministre de l\u2019Habitat de l\u2019Urbanisme et de la Ville, a effectu\u00e9 une visite de travail et d\u2019inspection, au niveau de la wilaya de Mostaganem.<\/h3>\n<h3>Cette visite s\u2019inscrit dans le cadre des sorties effectu\u00e9es sur le terrain, par monsieur le ministre, o\u00f9 il a inspect\u00e9 un certain nombre de projet, et\u00a0pr\u00e9sid\u00e9 une c\u00e9r\u00e9monie de remise des cl\u00e9s de logements aux b\u00e9n\u00e9ficiaires.<\/h3>\n<h3>La visite a commenc\u00e9 par la pr\u00e9sentation d\u2019un expos\u00e9 d\u00e9taill\u00e9 sur le secteur dans la wilaya, pr\u00e9sent\u00e9 par les directeurs de wilaya des organismes sous tutelle,\u00a0monsieur le directeur g\u00e9n\u00e9ral de l\u2019AADL, et le directeur g\u00e9n\u00e9ral de l\u2019ENPI.<\/h3>\n<h3>La deuxi\u00e8me \u00e9tape de la visite de monsieur le ministre \u00e9tait au niveau de la zone d\u2019ombre\u00a0\u00ab\u00a0Si Zehaf\u00a0\u00bb<strong>,\u00a0<\/strong>commune de Boudinar, o\u00f9 il s\u2019est enquis de la situation du projet d\u2019am\u00e9nagement urbain du site.<\/h3>\n<h3>Monsieur le ministre a visit\u00e9 \u00e9galement le projet des 600 logements location-vente, sis \u00e0 Istidia,\u00a0wilaya de Mostaganem.<\/h3>\n","protected":false},"excerpt":{"rendered":"<p>Le Samedi 08 Janvier 2022, Mohamed Tarek Belaribi, Ministre de l\u2019Habitat de l\u2019Urbanisme et de la Ville, a effectu\u00e9 une visite de travail et d\u2019inspection, au niveau de la wilaya de Mostaganem. Cette visite s\u2019inscrit dans le cadre des sorties effectu\u00e9es sur le terrain, par monsieur le ministre, o\u00f9 il a inspect\u00e9 un certain nombre &hellip;<\/p>\n","protected":false},"author":4,"featured_media":6396,"comment_status":"open","ping_status":"open","sticky":false,"template":"","format":"standard","meta":{"footnotes":""},"categories":[161,157],"tags":[],"class_list":["post-6442","post","type-post","status-publish","format-standard","has-post-thumbnail","hentry","category-activites-de-mr-ministre","category-nouveautes"],"lang":"fr","translations":{"fr":6442,"ar":6393},"pll_sync_post":[],"_links":{"self":[{"href":"https:\/\/www.mhuv.gov.dz\/index.php?rest_route=\/wp\/v2\/posts\/6442","targetHints":{"allow":["GET"]}}],"collection":[{"href":"https:\/\/www.mhuv.gov.dz\/index.php?rest_route=\/wp\/v2\/posts"}],"about":[{"href":"https:\/\/www.mhuv.gov.dz\/index.php?rest_route=\/wp\/v2\/types\/post"}],"author":[{"embeddable":true,"href":"https:\/\/www.mhuv.gov.dz\/index.php?rest_route=\/wp\/v2\/users\/4"}],"replies":[{"embeddable":true,"href":"https:\/\/www.mhuv.gov.dz\/index.php?rest_route=%2Fwp%2Fv2%2Fcomments&post=6442"}],"version-history":[{"count":1,"href":"https:\/\/www.mhuv.gov.dz\/index.php?rest_route=\/wp\/v2\/posts\/6442\/revisions"}],"predecessor-version":[{"id":6443,"href":"https:\/\/www.mhuv.gov.dz\/index.php?rest_route=\/wp\/v2\/posts\/6442\/revisions\/6443"}],"wp:featuredmedia":[{"embeddable":true,"href":"https:\/\/www.mhuv.gov.dz\/index.php?rest_route=\/wp\/v2\/media\/6396"}],"wp:attachment":[{"href":"https:\/\/www.mhuv.gov.dz\/index.php?rest_route=%2Fwp%2Fv2%2Fmedia&parent=6442"}],"wp:term":[{"taxonomy":"category","embeddable":true,"href":"https:\/\/www.mhuv.gov.dz\/index.php?rest_route=%2Fwp%2Fv2%2Fcategories&post=6442"},{"taxonomy":"post_tag","embeddable":true,"href":"https:\/\/www.mhuv.gov.dz\/index.php?rest_route=%2Fwp%2Fv2%2Ftags&post=6442"}],"curies":[{"name":"wp","href":"https:\/\/api.w.org\/{rel}","templated":true}]}}