{"id":6174,"date":"2021-09-13T09:13:38","date_gmt":"2021-09-13T09:13:38","guid":{"rendered":"https:\/\/www.mhuv.gov.dz\/?p=6174"},"modified":"2021-09-27T09:15:40","modified_gmt":"2021-09-27T09:15:40","slug":"le-ministre-de-lhabitat-de-lurbanisme-et-de-la-ville-ordonne-la-mise-en-place-dune-application-electronique-pour-les-souscripteurs-2013-ayant-depose-des-recours","status":"publish","type":"post","link":"https:\/\/www.mhuv.gov.dz\/?p=6174&lang=fr","title":{"rendered":"Le Ministre de l\u2019Habitat de l\u2019Urbanisme et de la Ville, ordonne la mise en place d\u2019une application \u00e9lectronique pour les souscripteurs 2013 ayant d\u00e9pos\u00e9 des recours"},"content":{"rendered":"<h3>Mohamed Tarek Belaribi, Ministre de l\u2019Habitat de l\u2019Urbanisme et de la Ville\u00a0a pr\u00e9sid\u00e9 le Lundi 13 Septembre 2021, au si\u00e8ge de son d\u00e9partement minist\u00e9riel, une rencontre en pr\u00e9sence des cadres centraux, de monsieur\u00a0le Directeur G\u00e9n\u00e9ral charg\u00e9 de la gestion des affaires de L\u2019Agence Nationale de l\u2019Am\u00e9lioration et du D\u00e9veloppement du Logement, ainsi que des directeurs r\u00e9gionaux de l\u2019Agence.<\/h3>\n<h3>La rencontre a commenc\u00e9 par la pr\u00e9sentation d\u2019un expos\u00e9 par\u00a0le Directeur G\u00e9n\u00e9ral charg\u00e9 de la gestion des affaires de L\u2019Agence Nationale de l\u2019Am\u00e9lioration et du D\u00e9veloppement du Logement oiu il a \u00e9voqu\u00e9 le calendrier des souscripteurs d\u00e9j\u00e0 inscrits en 2013 concern\u00e9s par le paiement de la premi\u00e8re tranche, et dont les recours ont \u00e9t\u00e9 accept\u00e9.<\/h3>\n<h3>Monsieur\u00a0le ministre, a donn\u00e9 des instructions \u00e0 l\u2019effet d\u2019examiner tous les dossiers et de s\u2019assurer de leur traitement au niveau national.<\/h3>\n<h3>Par ailleurs, monsieur le ministre a instruit\u00a0le Directeur G\u00e9n\u00e9ral charg\u00e9 de la gestion des affaires de L\u2019Agence Nationale de l\u2019Am\u00e9lioration et du D\u00e9veloppement du Logement, \u00e0 l\u2019effet de mettre en place\u00a0une application \u00e9lectronique qui permet aux souscripteurs (inscrits en 2013 et dont les\u00a0recours ont \u00e9t\u00e9 accept\u00e9\u00a0et n\u2019ayant pas pay\u00e9 la premi\u00e8re tranche et que l\u2019Agence n\u2019a pas pu les contacter) de s\u2019inscrire dans la plateforme \u00e9lectronique, et de se pr\u00e9parer pour l\u2019ouverture imm\u00e9diate de cette derni\u00e8re pour que les 6.000 souscripteurs puissent t\u00e9l\u00e9charger les ordres de versement le 16 Septembre courant.<\/h3>\n<h3>Concernant les attestations d\u2019affectation, monsieur le ministre a donn\u00e9 des instructions en vue d\u2019acc\u00e9l\u00e9rer la cadence des travaux de r\u00e9alisation des projets afin de les livrer le mois prochain.<\/h3>\n<h3>Monsieur\u00a0le ministre a d\u00e9clar\u00e9 que le souscripteur qui attend son logement l\u2019attestation d\u2019affectation, n\u2019est concern\u00e9 par les probl\u00e8mes administratifs et techniques. Donc, il est n\u00e9cessaire de conjuguer tous les efforts et d\u2019aller de l\u2019avant, et ce pour servir les souscripteurs de l\u2019AADL ou de l\u2019ENPI.<\/h3>\n<h3>Monsieur\u00a0le ministre a cl\u00f4tur\u00e9 la rencontre en donnant des instructions pour la r\u00e9gularisation des actes de logements, tous segments confondus et la cession de tous les locaux relevant \u00e0 l\u2019AADL au niveau national et ce selon les conditions pr\u00e9vues par la loi.<\/h3>\n","protected":false},"excerpt":{"rendered":"<p>Mohamed Tarek Belaribi, Ministre de l\u2019Habitat de l\u2019Urbanisme et de la Ville\u00a0a pr\u00e9sid\u00e9 le Lundi 13 Septembre 2021, au si\u00e8ge de son d\u00e9partement minist\u00e9riel, une rencontre en pr\u00e9sence des cadres centraux, de monsieur\u00a0le Directeur G\u00e9n\u00e9ral charg\u00e9 de la gestion des affaires de L\u2019Agence Nationale de l\u2019Am\u00e9lioration et du D\u00e9veloppement du Logement, ainsi que des directeurs &hellip;<\/p>\n","protected":false},"author":4,"featured_media":6149,"comment_status":"open","ping_status":"open","sticky":false,"template":"","format":"standard","meta":{"footnotes":""},"categories":[161,157],"tags":[],"class_list":["post-6174","post","type-post","status-publish","format-standard","has-post-thumbnail","hentry","category-activites-de-mr-ministre","category-nouveautes"],"lang":"fr","translations":{"fr":6174,"ar":6147},"pll_sync_post":[],"_links":{"self":[{"href":"https:\/\/www.mhuv.gov.dz\/index.php?rest_route=\/wp\/v2\/posts\/6174","targetHints":{"allow":["GET"]}}],"collection":[{"href":"https:\/\/www.mhuv.gov.dz\/index.php?rest_route=\/wp\/v2\/posts"}],"about":[{"href":"https:\/\/www.mhuv.gov.dz\/index.php?rest_route=\/wp\/v2\/types\/post"}],"author":[{"embeddable":true,"href":"https:\/\/www.mhuv.gov.dz\/index.php?rest_route=\/wp\/v2\/users\/4"}],"replies":[{"embeddable":true,"href":"https:\/\/www.mhuv.gov.dz\/index.php?rest_route=%2Fwp%2Fv2%2Fcomments&post=6174"}],"version-history":[{"count":1,"href":"https:\/\/www.mhuv.gov.dz\/index.php?rest_route=\/wp\/v2\/posts\/6174\/revisions"}],"predecessor-version":[{"id":6175,"href":"https:\/\/www.mhuv.gov.dz\/index.php?rest_route=\/wp\/v2\/posts\/6174\/revisions\/6175"}],"wp:featuredmedia":[{"embeddable":true,"href":"https:\/\/www.mhuv.gov.dz\/index.php?rest_route=\/wp\/v2\/media\/6149"}],"wp:attachment":[{"href":"https:\/\/www.mhuv.gov.dz\/index.php?rest_route=%2Fwp%2Fv2%2Fmedia&parent=6174"}],"wp:term":[{"taxonomy":"category","embeddable":true,"href":"https:\/\/www.mhuv.gov.dz\/index.php?rest_route=%2Fwp%2Fv2%2Fcategories&post=6174"},{"taxonomy":"post_tag","embeddable":true,"href":"https:\/\/www.mhuv.gov.dz\/index.php?rest_route=%2Fwp%2Fv2%2Ftags&post=6174"}],"curies":[{"name":"wp","href":"https:\/\/api.w.org\/{rel}","templated":true}]}}