{"id":6155,"date":"2021-09-05T10:35:55","date_gmt":"2021-09-05T10:35:55","guid":{"rendered":"https:\/\/www.mhuv.gov.dz\/?p=6155"},"modified":"2021-09-15T10:37:33","modified_gmt":"2021-09-15T10:37:33","slug":"mohamed-tarek-belaribi-ministre-de-lhabitat-de-lurbanisme-et-de-la-ville-a-preside-une-reunion-devaluation-sur-la-situation-des-projets-de-logements-de-type-location-vente","status":"publish","type":"post","link":"https:\/\/www.mhuv.gov.dz\/?p=6155&lang=fr","title":{"rendered":"Mohamed Tarek Belaribi, Ministre de l\u2019Habitat de l\u2019Urbanisme et de la Ville a pr\u00e9sid\u00e9 une r\u00e9union d\u2019\u00e9valuation sur la situation des projets de logements de type location-vente AADL"},"content":{"rendered":"<h3>Le Dimanche 05 Septembre 2021, Mr Mohamed Tarek Belaribi, Ministre de l\u2019Habitat de l\u2019Urbanisme et de la Ville, a pr\u00e9sid\u00e9 une r\u00e9union d\u2019\u00e9valuation, au si\u00e8ge du minist\u00e8re, en pr\u00e9sence de Madame la Directrice G\u00e9n\u00e9rale de L\u2019Urbanisme et de l\u2019Architecture, ainsi que le Directeur R\u00e9gional des projets AADL Sud, durant laquelle il a \u00e9t\u00e9 question de la situation des projets de logements location-vente AADL dans les wilayas de : Laghouat, Ouargla et Tougourt.<\/h3>\n<h3>Apr\u00e8s avoir auditionn\u00e9 un expos\u00e9 d\u00e9taill\u00e9 sur la situation des projets de logements location-vente AADL dans les wilayas susvis\u00e9es, Monsieur le Ministre a donn\u00e9 des instructions \u00e0 l\u2019effet d\u2019acc\u00e9l\u00e9rer la cadence des travaux li\u00e9s \u00e0 l\u2019am\u00e9nagement ext\u00e9rieur ainsi que le raccordement aux diff\u00e9rents r\u00e9seaux et coordonner avec les services concern\u00e9s afin d\u2019achever les travaux de tous les projets dans les d\u00e9lais impartis.<\/h3>\n","protected":false},"excerpt":{"rendered":"<p>Le Dimanche 05 Septembre 2021, Mr Mohamed Tarek Belaribi, Ministre de l\u2019Habitat de l\u2019Urbanisme et de la Ville, a pr\u00e9sid\u00e9 une r\u00e9union d\u2019\u00e9valuation, au si\u00e8ge du minist\u00e8re, en pr\u00e9sence de Madame la Directrice G\u00e9n\u00e9rale de L\u2019Urbanisme et de l\u2019Architecture, ainsi que le Directeur R\u00e9gional des projets AADL Sud, durant laquelle il a \u00e9t\u00e9 question de &hellip;<\/p>\n","protected":false},"author":4,"featured_media":6084,"comment_status":"open","ping_status":"open","sticky":false,"template":"","format":"standard","meta":{"footnotes":""},"categories":[161,157],"tags":[],"class_list":["post-6155","post","type-post","status-publish","format-standard","has-post-thumbnail","hentry","category-activites-de-mr-ministre","category-nouveautes"],"lang":"fr","translations":{"fr":6155,"ar":6083},"pll_sync_post":[],"_links":{"self":[{"href":"https:\/\/www.mhuv.gov.dz\/index.php?rest_route=\/wp\/v2\/posts\/6155","targetHints":{"allow":["GET"]}}],"collection":[{"href":"https:\/\/www.mhuv.gov.dz\/index.php?rest_route=\/wp\/v2\/posts"}],"about":[{"href":"https:\/\/www.mhuv.gov.dz\/index.php?rest_route=\/wp\/v2\/types\/post"}],"author":[{"embeddable":true,"href":"https:\/\/www.mhuv.gov.dz\/index.php?rest_route=\/wp\/v2\/users\/4"}],"replies":[{"embeddable":true,"href":"https:\/\/www.mhuv.gov.dz\/index.php?rest_route=%2Fwp%2Fv2%2Fcomments&post=6155"}],"version-history":[{"count":1,"href":"https:\/\/www.mhuv.gov.dz\/index.php?rest_route=\/wp\/v2\/posts\/6155\/revisions"}],"predecessor-version":[{"id":6156,"href":"https:\/\/www.mhuv.gov.dz\/index.php?rest_route=\/wp\/v2\/posts\/6155\/revisions\/6156"}],"wp:featuredmedia":[{"embeddable":true,"href":"https:\/\/www.mhuv.gov.dz\/index.php?rest_route=\/wp\/v2\/media\/6084"}],"wp:attachment":[{"href":"https:\/\/www.mhuv.gov.dz\/index.php?rest_route=%2Fwp%2Fv2%2Fmedia&parent=6155"}],"wp:term":[{"taxonomy":"category","embeddable":true,"href":"https:\/\/www.mhuv.gov.dz\/index.php?rest_route=%2Fwp%2Fv2%2Fcategories&post=6155"},{"taxonomy":"post_tag","embeddable":true,"href":"https:\/\/www.mhuv.gov.dz\/index.php?rest_route=%2Fwp%2Fv2%2Ftags&post=6155"}],"curies":[{"name":"wp","href":"https:\/\/api.w.org\/{rel}","templated":true}]}}