{"id":6114,"date":"2021-08-15T07:07:29","date_gmt":"2021-08-15T07:07:29","guid":{"rendered":"https:\/\/www.mhuv.gov.dz\/?p=6114"},"modified":"2021-09-08T07:08:54","modified_gmt":"2021-09-08T07:08:54","slug":"les-activites-de-la-journee-detudes-sur-lavant-projet-de-loi-relative-a-lurbanisme-et-la-politique-de-la-ville","status":"publish","type":"post","link":"https:\/\/www.mhuv.gov.dz\/?p=6114&lang=fr","title":{"rendered":"Les activit\u00e9s de la journ\u00e9e d\u2019\u00e9tudes sur l\u2019avant-projet de loi relative \u00e0 l\u2019urbanisme et la politique de la ville"},"content":{"rendered":"<h3>La Caisse Nationale du Logement a organis\u00e9, le 15 Ao\u00fbt 2021, une journ\u00e9e d\u2019\u00e9tudes sur l\u2019avant-projet de loi relative \u00e0 l\u2019urbanisme et la politique de la ville.<\/h3>\n<h3>A l\u2019ouverture des travaux de la journ\u00e9e, M. Ahmed Belayat, DG de la CNL a pr\u00e9sent\u00e9 une allocution de M. Tarek Belaribi, et a rappel\u00e9 les grands sacrifices\u00a0qu\u2019a connus la sc\u00e8ne nationale derni\u00e8rement suite aux incendies survenus dans plusieurs wilayas.\u00a0Une minute de silence a \u00e9t\u00e9 observ\u00e9e \u00e0 la m\u00e9moire des martyrs de la patrie.<\/h3>\n<h3>Le DG de la CNL a \u00e9voqu\u00e9 \u00e9galement lors de son allocution, la r\u00e9vision de la loi n\u00b0 90-29 du 1er d\u00e9cembre 1990, qui a \u00e9t\u00e9 promulgu\u00e9e depuis 30 ans et qui permettra la cr\u00e9ation des \u00e9tablissements humains ouverts pour tous, sures harmonieuses et durables.<\/h3>\n<h3>Il y a lieu de signaler que cette rencontre\u00a0a regroup\u00e9 des partenaires de plusieurs secteurs centraux ainsi que de nombreux experts et participants appartenant \u00e0 la diaspora, pour d\u00e9battre l\u2019avant-projet de loi relative \u00e0 l\u2019urbanisme.<\/h3>\n","protected":false},"excerpt":{"rendered":"<p>La Caisse Nationale du Logement a organis\u00e9, le 15 Ao\u00fbt 2021, une journ\u00e9e d\u2019\u00e9tudes sur l\u2019avant-projet de loi relative \u00e0 l\u2019urbanisme et la politique de la ville. A l\u2019ouverture des travaux de la journ\u00e9e, M. Ahmed Belayat, DG de la CNL a pr\u00e9sent\u00e9 une allocution de M. Tarek Belaribi, et a rappel\u00e9 les grands sacrifices\u00a0qu\u2019a &hellip;<\/p>\n","protected":false},"author":4,"featured_media":6031,"comment_status":"open","ping_status":"open","sticky":false,"template":"","format":"standard","meta":{"footnotes":""},"categories":[159,157],"tags":[],"class_list":["post-6114","post","type-post","status-publish","format-standard","has-post-thumbnail","hentry","category-activites-du-secteur","category-nouveautes"],"lang":"fr","translations":{"fr":6114,"ar":6030},"pll_sync_post":[],"_links":{"self":[{"href":"https:\/\/www.mhuv.gov.dz\/index.php?rest_route=\/wp\/v2\/posts\/6114","targetHints":{"allow":["GET"]}}],"collection":[{"href":"https:\/\/www.mhuv.gov.dz\/index.php?rest_route=\/wp\/v2\/posts"}],"about":[{"href":"https:\/\/www.mhuv.gov.dz\/index.php?rest_route=\/wp\/v2\/types\/post"}],"author":[{"embeddable":true,"href":"https:\/\/www.mhuv.gov.dz\/index.php?rest_route=\/wp\/v2\/users\/4"}],"replies":[{"embeddable":true,"href":"https:\/\/www.mhuv.gov.dz\/index.php?rest_route=%2Fwp%2Fv2%2Fcomments&post=6114"}],"version-history":[{"count":1,"href":"https:\/\/www.mhuv.gov.dz\/index.php?rest_route=\/wp\/v2\/posts\/6114\/revisions"}],"predecessor-version":[{"id":6115,"href":"https:\/\/www.mhuv.gov.dz\/index.php?rest_route=\/wp\/v2\/posts\/6114\/revisions\/6115"}],"wp:featuredmedia":[{"embeddable":true,"href":"https:\/\/www.mhuv.gov.dz\/index.php?rest_route=\/wp\/v2\/media\/6031"}],"wp:attachment":[{"href":"https:\/\/www.mhuv.gov.dz\/index.php?rest_route=%2Fwp%2Fv2%2Fmedia&parent=6114"}],"wp:term":[{"taxonomy":"category","embeddable":true,"href":"https:\/\/www.mhuv.gov.dz\/index.php?rest_route=%2Fwp%2Fv2%2Fcategories&post=6114"},{"taxonomy":"post_tag","embeddable":true,"href":"https:\/\/www.mhuv.gov.dz\/index.php?rest_route=%2Fwp%2Fv2%2Ftags&post=6114"}],"curies":[{"name":"wp","href":"https:\/\/api.w.org\/{rel}","templated":true}]}}