{"id":6099,"date":"2021-08-31T13:58:12","date_gmt":"2021-08-31T13:58:12","guid":{"rendered":"https:\/\/www.mhuv.gov.dz\/?p=6099"},"modified":"2021-09-07T13:59:36","modified_gmt":"2021-09-07T13:59:36","slug":"monsieur-le-ministre-preside-une-reunion-technique-qui-concerne-lhabitat-rural-a-travers-le-territoire-national","status":"publish","type":"post","link":"https:\/\/www.mhuv.gov.dz\/?p=6099&lang=fr","title":{"rendered":"Monsieur le Ministre pr\u00e9side une r\u00e9union technique qui concerne l\u2019habitat rural \u00e0 travers le territoire national"},"content":{"rendered":"<h3><strong>Le Mardi 31 Aout 2021,\u00a0<\/strong>Monsieur\u00a0Mohamed Tarek Belaribi, Ministre de l\u2019Habitat de l\u2019Urbanisme et de la Ville, a pr\u00e9sid\u00e9 une\u00a0<strong>r\u00e9union technique en pr\u00e9sence des cadres centraux, au si\u00e8ge de son d\u00e9partement minist\u00e9riel.<\/strong><\/h3>\n<h3><strong>Cette r\u00e9union est consacr\u00e9e au programme de l\u2019habitat rural individuel ou collectif \u00e0 travers le territoire national.<\/strong><\/h3>\n<h3><strong>Apr\u00e8s avoir auditionn\u00e9 un expos\u00e9 d\u00e9taill\u00e9 sur ce projet, Monsieur le Ministre a donn\u00e9 des instructions fermes \u00e0 l\u2019effet de coordonner les efforts entre les diff\u00e9rents services concern\u00e9s afin de faciliter les mesures administratives et d\u2019acc\u00e9l\u00e9rer la cadence d\u2019\u00e9tude des dossiers d\u2019aides au profit des b\u00e9n\u00e9ficiaires afin d\u2019achever ce programme dans les d\u00e9lais impartis.<\/strong><\/h3>\n","protected":false},"excerpt":{"rendered":"<p>Le Mardi 31 Aout 2021,\u00a0Monsieur\u00a0Mohamed Tarek Belaribi, Ministre de l\u2019Habitat de l\u2019Urbanisme et de la Ville, a pr\u00e9sid\u00e9 une\u00a0r\u00e9union technique en pr\u00e9sence des cadres centraux, au si\u00e8ge de son d\u00e9partement minist\u00e9riel. Cette r\u00e9union est consacr\u00e9e au programme de l\u2019habitat rural individuel ou collectif \u00e0 travers le territoire national. Apr\u00e8s avoir auditionn\u00e9 un expos\u00e9 d\u00e9taill\u00e9 sur &hellip;<\/p>\n","protected":false},"author":4,"featured_media":6067,"comment_status":"open","ping_status":"open","sticky":false,"template":"","format":"standard","meta":{"footnotes":""},"categories":[161,157],"tags":[],"class_list":["post-6099","post","type-post","status-publish","format-standard","has-post-thumbnail","hentry","category-activites-de-mr-ministre","category-nouveautes"],"lang":"fr","translations":{"fr":6099,"ar":6066},"pll_sync_post":[],"_links":{"self":[{"href":"https:\/\/www.mhuv.gov.dz\/index.php?rest_route=\/wp\/v2\/posts\/6099","targetHints":{"allow":["GET"]}}],"collection":[{"href":"https:\/\/www.mhuv.gov.dz\/index.php?rest_route=\/wp\/v2\/posts"}],"about":[{"href":"https:\/\/www.mhuv.gov.dz\/index.php?rest_route=\/wp\/v2\/types\/post"}],"author":[{"embeddable":true,"href":"https:\/\/www.mhuv.gov.dz\/index.php?rest_route=\/wp\/v2\/users\/4"}],"replies":[{"embeddable":true,"href":"https:\/\/www.mhuv.gov.dz\/index.php?rest_route=%2Fwp%2Fv2%2Fcomments&post=6099"}],"version-history":[{"count":1,"href":"https:\/\/www.mhuv.gov.dz\/index.php?rest_route=\/wp\/v2\/posts\/6099\/revisions"}],"predecessor-version":[{"id":6100,"href":"https:\/\/www.mhuv.gov.dz\/index.php?rest_route=\/wp\/v2\/posts\/6099\/revisions\/6100"}],"wp:featuredmedia":[{"embeddable":true,"href":"https:\/\/www.mhuv.gov.dz\/index.php?rest_route=\/wp\/v2\/media\/6067"}],"wp:attachment":[{"href":"https:\/\/www.mhuv.gov.dz\/index.php?rest_route=%2Fwp%2Fv2%2Fmedia&parent=6099"}],"wp:term":[{"taxonomy":"category","embeddable":true,"href":"https:\/\/www.mhuv.gov.dz\/index.php?rest_route=%2Fwp%2Fv2%2Fcategories&post=6099"},{"taxonomy":"post_tag","embeddable":true,"href":"https:\/\/www.mhuv.gov.dz\/index.php?rest_route=%2Fwp%2Fv2%2Ftags&post=6099"}],"curies":[{"name":"wp","href":"https:\/\/api.w.org\/{rel}","templated":true}]}}