{"id":5806,"date":"2021-06-15T09:40:18","date_gmt":"2021-06-15T09:40:18","guid":{"rendered":"https:\/\/www.mhuv.gov.dz\/?p=5806"},"modified":"2021-07-01T09:42:25","modified_gmt":"2021-07-01T09:42:25","slug":"reunion-de-coordination-sur-les-projets-dhabitat-du-segment-public-locatif-dans-la-wilaya-dalger","status":"publish","type":"post","link":"https:\/\/www.mhuv.gov.dz\/?p=5806&lang=fr","title":{"rendered":"R\u00e9union de coordination sur les projets d\u2019habitat du segment public locatif, dans la wilaya d\u2019Alger"},"content":{"rendered":"<h3>Mr Mohamed Tarek Belaribi, Ministre de l\u2019Habitat de l\u2019Urbanisme et de la Ville, a pr\u00e9sid\u00e9 le Mardi 15 Juin 2021 une r\u00e9union de coordination, sur les projets d\u2019habitat du segment public locatif, dans la wilaya d\u2019Alger en pr\u00e9sence de :<\/h3>\n<h3>Monsieur le Secr\u00e9taire G\u00e9n\u00e9ral du Minist\u00e8re de l\u2019Habitat de l\u2019Urbanisme et de la Ville.<\/h3>\n<ul>\n<li>\n<h3>Madame la Cheffe de Cabinet du Minist\u00e8re de l\u2019Habitat de l\u2019Urbanisme et de la Ville.<\/h3>\n<\/li>\n<li>\n<h3>Monsieur le Directeur G\u00e9n\u00e9ral du Logement.<\/h3>\n<\/li>\n<li>\n<h3>Monsieur le Directeur de Logement de la wilaya d\u2019Alger.<\/h3>\n<\/li>\n<li>\n<h3>Messieurs les Directeurs G\u00e9n\u00e9raux des Offices de Promotion et de Gestion Immobili\u00e8re de Hussein Dey, Dar El Beida et Bir Mourad Rais.<\/h3>\n<\/li>\n<li>\n<h3>Monsieur le Ministre a donn\u00e9 des instructions \u00e0 l\u2019effet d\u2019acc\u00e9l\u00e9rer la cadence des travaux et de lever toutes les r\u00e9serves qui concernent les projets d\u2019habitat du segment public locatif <strong>LPL<\/strong>, notamment ceux pr\u00e9vus \u00e0 la livraison le mois prochain et r\u00e9alis\u00e9s par les Offices de Promotion et de Gestion Immobili\u00e8re de Hussein Dey, Dar El Beida et Bir Mourad Rais.<\/h3>\n<\/li>\n<\/ul>\n","protected":false},"excerpt":{"rendered":"<p>Mr Mohamed Tarek Belaribi, Ministre de l\u2019Habitat de l\u2019Urbanisme et de la Ville, a pr\u00e9sid\u00e9 le Mardi 15 Juin 2021 une r\u00e9union de coordination, sur les projets d\u2019habitat du segment public locatif, dans la wilaya d\u2019Alger en pr\u00e9sence de : Monsieur le Secr\u00e9taire G\u00e9n\u00e9ral du Minist\u00e8re de l\u2019Habitat de l\u2019Urbanisme et de la Ville. Madame &hellip;<\/p>\n","protected":false},"author":4,"featured_media":5742,"comment_status":"open","ping_status":"open","sticky":false,"template":"","format":"standard","meta":{"footnotes":""},"categories":[161,157],"tags":[],"class_list":["post-5806","post","type-post","status-publish","format-standard","has-post-thumbnail","hentry","category-activites-de-mr-ministre","category-nouveautes"],"lang":"fr","translations":{"fr":5806,"ar":5741},"pll_sync_post":[],"_links":{"self":[{"href":"https:\/\/www.mhuv.gov.dz\/index.php?rest_route=\/wp\/v2\/posts\/5806","targetHints":{"allow":["GET"]}}],"collection":[{"href":"https:\/\/www.mhuv.gov.dz\/index.php?rest_route=\/wp\/v2\/posts"}],"about":[{"href":"https:\/\/www.mhuv.gov.dz\/index.php?rest_route=\/wp\/v2\/types\/post"}],"author":[{"embeddable":true,"href":"https:\/\/www.mhuv.gov.dz\/index.php?rest_route=\/wp\/v2\/users\/4"}],"replies":[{"embeddable":true,"href":"https:\/\/www.mhuv.gov.dz\/index.php?rest_route=%2Fwp%2Fv2%2Fcomments&post=5806"}],"version-history":[{"count":1,"href":"https:\/\/www.mhuv.gov.dz\/index.php?rest_route=\/wp\/v2\/posts\/5806\/revisions"}],"predecessor-version":[{"id":5807,"href":"https:\/\/www.mhuv.gov.dz\/index.php?rest_route=\/wp\/v2\/posts\/5806\/revisions\/5807"}],"wp:featuredmedia":[{"embeddable":true,"href":"https:\/\/www.mhuv.gov.dz\/index.php?rest_route=\/wp\/v2\/media\/5742"}],"wp:attachment":[{"href":"https:\/\/www.mhuv.gov.dz\/index.php?rest_route=%2Fwp%2Fv2%2Fmedia&parent=5806"}],"wp:term":[{"taxonomy":"category","embeddable":true,"href":"https:\/\/www.mhuv.gov.dz\/index.php?rest_route=%2Fwp%2Fv2%2Fcategories&post=5806"},{"taxonomy":"post_tag","embeddable":true,"href":"https:\/\/www.mhuv.gov.dz\/index.php?rest_route=%2Fwp%2Fv2%2Ftags&post=5806"}],"curies":[{"name":"wp","href":"https:\/\/api.w.org\/{rel}","templated":true}]}}