{"id":5633,"date":"2021-05-27T09:50:53","date_gmt":"2021-05-27T09:50:53","guid":{"rendered":"https:\/\/www.mhuv.gov.dz\/?p=5633"},"modified":"2021-06-06T09:28:38","modified_gmt":"2021-06-06T09:28:38","slug":"le-ministre-du-logement-de-lurbanisme-et-de-la-ville-preside-une-reunion-de-coordination","status":"publish","type":"post","link":"https:\/\/www.mhuv.gov.dz\/?p=5633&lang=fr","title":{"rendered":"Le ministre de l&rsquo;Habitat, de l&rsquo;Urbanisme et de la Ville pr\u00e9side une r\u00e9union de coordination"},"content":{"rendered":"<h3>Mr Mohamed Tarek Belaribi, Ministre de l\u2019Habitat de l\u2019Urbanisme et de la Ville, a pr\u00e9sid\u00e9 le Jeudi\u00a027 Mai\u00a02021 une r\u00e9union technique, en pr\u00e9sence de :<\/h3>\n<h3>\u00a0Monsieur le Secr\u00e9taire G\u00e9n\u00e9ral du Minist\u00e8re de l\u2019Habitat de l\u2019Urbanisme et de la Ville.<\/h3>\n<ul>\n<li>\n<h3>Monsieur\u00a0le Pr\u00e9sident Directeur G\u00e9n\u00e9ral de<\/h3>\n<\/li>\n<li>\n<h3>Monsieur l\u2019Inspecteur G\u00e9n\u00e9ral du Minist\u00e8re de l\u2019Habitat de l\u2019Urbanisme et de la Ville.<\/h3>\n<\/li>\n<li>\n<h3>Monsieur le Directeur G\u00e9n\u00e9ral du Logement.<\/h3>\n<\/li>\n<li>\n<h3>Madame la Directrice G\u00e9n\u00e9rale de L\u2019Urbanisme et de l\u2019Architecture.<\/h3>\n<\/li>\n<li>\n<h3>Monsieur le Directeur G\u00e9n\u00e9ral de la Construction et des Moyens de R\u00e9alisation.<\/h3>\n<\/li>\n<li>\n<h3>Monsieur le Directeur G\u00e9n\u00e9ral charg\u00e9 de la gestion des affaires de L\u2019Agence Nationale de l\u2019Am\u00e9lioration et du D\u00e9veloppement du Logement.<\/h3>\n<\/li>\n<li>\n<h3>Monsieur le Pr\u00e9sident Directeur G\u00e9n\u00e9ral de l\u2019Entreprise Nationale de la Promotion Immobili\u00e8re.<\/h3>\n<\/li>\n<li>\n<h3>Messieurs les Directeurs G\u00e9n\u00e9raux des Offices de Promotion et de Gestion Immobili\u00e8re de Blida, Dar El Beida et Bir Mourad Rais<\/h3>\n<\/li>\n<li>\n<h3>Monsieur le Directeur commercial central de la Soci\u00e9t\u00e9 Alg\u00e9rienne de Distribution de l\u2019Electricit\u00e9 et du Gaz.<\/h3>\n<\/li>\n<\/ul>\n<h3><\/h3>\n<h3>Apres l\u2019ouverture de la s\u00e9ance de travail, monsieur le ministre a \u00e9cout\u00e9 une allocution pr\u00e9sent\u00e9e par les entreprises de r\u00e9alisation sous tutelle (agence AADL, ENPI, OPGI de Hussein dey, Bir Mourad Rais et Dar el Beida) sur l\u2019ensemble des projets en cours de r\u00e9alisation avec la SADEG.<\/h3>\n<h3><\/h3>\n<h3>A son tour, monsieur le Pr\u00e9sident Directeur G\u00e9n\u00e9ral de la SADEG, a pr\u00e9sent\u00e9 une allocution dont il fait \u00e9tat que son entreprise est dispos\u00e9e \u00e0 coop\u00e9rer et \u00e0 coordonner avec les services du Minist\u00e8re pour alimenter les cit\u00e9s de l\u2019\u00e9nergie \u00e9lectrique et gazi\u00e8re pour que le citoyen ne soit pas l\u2019otage des proc\u00e9dures typiquement administratives.<\/h3>\n<h3><\/h3>\n<h3>Monsieur le ministre a cl\u00f4tur\u00e9 la s\u00e9ance en donnant un certain nombre d\u2019instructions\u00a0:<\/h3>\n<ul>\n<li>\n<h3>Assainir cr\u00e9ances d\u00e9tenues par la soci\u00e9t\u00e9 SADEG sur les diff\u00e9rents organismes sous tutelle\u00a0(AADL, EMPI, OPGI)\u00a0;<\/h3>\n<\/li>\n<li>\n<h3>\u00c9laborer un programme sp\u00e9cial sur la distribution annuelle de logements et de le transmettre de fa\u00e7on pr\u00e9alable \u00e0 la soci\u00e9t\u00e9 SADEG pour de lui permettre d\u2019effectuer les travaux de raccordement dans les meilleurs d\u00e9lais,<\/h3>\n<\/li>\n<li>\n<h3>La d\u00e9signation d\u2019un cadre du minist\u00e8re qui sera charg\u00e9 de coordonner avec les entreprises de r\u00e9alisation au niveau national et la soci\u00e9t\u00e9 SADEG, tout en \u00e9laborant des rapports annuels sur la cadence de r\u00e9alisation, le raccordement et la lev\u00e9e des r\u00e9serves.<\/h3>\n<\/li>\n<li>\n<h3>Donner la priorit\u00e9 notamment au logements qui seront livr\u00e9s durant le premier et le deuxi\u00e8me semestre de l\u2019ann\u00e9e en cours, pour entamer l\u2019op\u00e9ration du raccordement au gaz et \u00e0 l\u2019\u00e9lectricit\u00e9\u00a0;<\/h3>\n<\/li>\n<\/ul>\n<h3>Par ailleurs, monsieur le ministre et le PDG de la SADEG ont convenu que le lancement des travaux peut se faire d\u00e8s la signature du document d\u2019engagement par les entreprises de r\u00e9alisation (AADL, ENPI et OPGI), avec l\u2019engagement du Minist\u00e8re de payer toutes les cr\u00e9ances.<\/h3>\n<p><img loading=\"lazy\" decoding=\"async\" class=\"aligncenter\" src=\"https:\/\/scontent.falg7-2.fna.fbcdn.net\/v\/t1.6435-9\/191705262_1875471592607279_7912786687085374383_n.jpg?_nc_cat=100&amp;ccb=1-3&amp;_nc_sid=730e14&amp;_nc_eui2=AeH6yqgEiAEA1TB47a_U7oU0GFgaHvNxR9AYWBoe83FH0IHnbXiELRNSujGpikBsOv9OG7wnFiBwhjyjxooQPgHw&amp;_nc_ohc=bgIbMyPvt3sAX9ZMDNf&amp;tn=m57OfD1eAUnXB8TM&amp;_nc_ht=scontent.falg7-2.fna&amp;oh=b54a8c47b18071b030e76752b5e303b0&amp;oe=60DA6B0B\" alt=\"Peut \u00eatre une image de une personne ou plus, personnes debout, personnes assises et int\u00e9rieur\" width=\"666\" height=\"501\" \/><\/p>\n<p><img loading=\"lazy\" decoding=\"async\" class=\"aligncenter\" src=\"https:\/\/scontent.falg7-2.fna.fbcdn.net\/v\/t1.6435-9\/191718754_1875471699273935_6925138500606598733_n.jpg?_nc_cat=100&amp;ccb=1-3&amp;_nc_sid=730e14&amp;_nc_eui2=AeHxS11NrE8flP7iLs8BH4DOAd7_Nlizr1kB3v82WLOvWX1xsU3s8YwVr8UGP3a6DiHXwoBUX5odfZB0u1sqzHWU&amp;_nc_ohc=qgiCMIaTiBMAX9xlQ2S&amp;_nc_ht=scontent.falg7-2.fna&amp;oh=76e317f830a294ddd6445fe45cf17a03&amp;oe=60D9437D\" alt=\"Peut \u00eatre une image de une personne ou plus, personnes debout, personnes assises, montre-bracelet, costume et int\u00e9rieur\" width=\"679\" height=\"382\" \/><\/p>\n<p><img loading=\"lazy\" decoding=\"async\" class=\"aligncenter\" src=\"https:\/\/scontent.falg7-1.fna.fbcdn.net\/v\/t1.6435-9\/191563399_1875471599273945_6025234311033066334_n.jpg?_nc_cat=111&amp;ccb=1-3&amp;_nc_sid=730e14&amp;_nc_eui2=AeF5F14GKAWo0QM2jsrTuqNvzqk2CFoBJdzOqTYIWgEl3HpTBBAnv9Rt21AMq1PgELLeZPSs0_KquHkPiMckcM4l&amp;_nc_ohc=tBy0BQI4qHYAX9jc158&amp;_nc_ht=scontent.falg7-1.fna&amp;oh=6faeb95b108c0d1e21ced3b39d106fe0&amp;oe=60D722B6\" alt=\"Peut \u00eatre une image de une personne ou plus, personnes debout, personnes assises et int\u00e9rieur\" width=\"667\" height=\"500\" \/><\/p>\n<p><img loading=\"lazy\" decoding=\"async\" class=\"aligncenter\" src=\"https:\/\/scontent.falg7-1.fna.fbcdn.net\/v\/t1.6435-9\/191053365_1875471582607280_3435150539720809685_n.jpg?_nc_cat=104&amp;ccb=1-3&amp;_nc_sid=730e14&amp;_nc_eui2=AeF1fopHFPAqCXcie0DQ9TPNESJGhxkVB-QRIkaHGRUH5G7ij1gQvY7HnKoxEAfjeZab229gi6YUcInqfVWCq5MP&amp;_nc_ohc=r1oUX4LuqYEAX_iUE9K&amp;_nc_ht=scontent.falg7-1.fna&amp;oh=55e29206e1537233171712734eed1300&amp;oe=60DA2FDD\" alt=\"Peut \u00eatre une image de une personne ou plus, personnes assises et personnes debout\" width=\"671\" height=\"378\" \/><\/p>\n","protected":false},"excerpt":{"rendered":"<p>Mr Mohamed Tarek Belaribi, Ministre de l\u2019Habitat de l\u2019Urbanisme et de la Ville, a pr\u00e9sid\u00e9 le Jeudi\u00a027 Mai\u00a02021 une r\u00e9union technique, en pr\u00e9sence de : \u00a0Monsieur le Secr\u00e9taire G\u00e9n\u00e9ral du Minist\u00e8re de l\u2019Habitat de l\u2019Urbanisme et de la Ville. Monsieur\u00a0le Pr\u00e9sident Directeur G\u00e9n\u00e9ral de Monsieur l\u2019Inspecteur G\u00e9n\u00e9ral du Minist\u00e8re de l\u2019Habitat de l\u2019Urbanisme et de &hellip;<\/p>\n","protected":false},"author":4,"featured_media":5613,"comment_status":"open","ping_status":"open","sticky":false,"template":"","format":"standard","meta":{"footnotes":""},"categories":[161,157],"tags":[],"class_list":["post-5633","post","type-post","status-publish","format-standard","has-post-thumbnail","hentry","category-activites-de-mr-ministre","category-nouveautes"],"lang":"fr","translations":{"fr":5633,"ar":5612},"pll_sync_post":[],"_links":{"self":[{"href":"https:\/\/www.mhuv.gov.dz\/index.php?rest_route=\/wp\/v2\/posts\/5633","targetHints":{"allow":["GET"]}}],"collection":[{"href":"https:\/\/www.mhuv.gov.dz\/index.php?rest_route=\/wp\/v2\/posts"}],"about":[{"href":"https:\/\/www.mhuv.gov.dz\/index.php?rest_route=\/wp\/v2\/types\/post"}],"author":[{"embeddable":true,"href":"https:\/\/www.mhuv.gov.dz\/index.php?rest_route=\/wp\/v2\/users\/4"}],"replies":[{"embeddable":true,"href":"https:\/\/www.mhuv.gov.dz\/index.php?rest_route=%2Fwp%2Fv2%2Fcomments&post=5633"}],"version-history":[{"count":2,"href":"https:\/\/www.mhuv.gov.dz\/index.php?rest_route=\/wp\/v2\/posts\/5633\/revisions"}],"predecessor-version":[{"id":5681,"href":"https:\/\/www.mhuv.gov.dz\/index.php?rest_route=\/wp\/v2\/posts\/5633\/revisions\/5681"}],"wp:featuredmedia":[{"embeddable":true,"href":"https:\/\/www.mhuv.gov.dz\/index.php?rest_route=\/wp\/v2\/media\/5613"}],"wp:attachment":[{"href":"https:\/\/www.mhuv.gov.dz\/index.php?rest_route=%2Fwp%2Fv2%2Fmedia&parent=5633"}],"wp:term":[{"taxonomy":"category","embeddable":true,"href":"https:\/\/www.mhuv.gov.dz\/index.php?rest_route=%2Fwp%2Fv2%2Fcategories&post=5633"},{"taxonomy":"post_tag","embeddable":true,"href":"https:\/\/www.mhuv.gov.dz\/index.php?rest_route=%2Fwp%2Fv2%2Ftags&post=5633"}],"curies":[{"name":"wp","href":"https:\/\/api.w.org\/{rel}","templated":true}]}}