{"id":5610,"date":"2021-05-09T10:37:16","date_gmt":"2021-05-09T10:37:16","guid":{"rendered":"https:\/\/www.mhuv.gov.dz\/?p=5610"},"modified":"2021-06-06T09:31:40","modified_gmt":"2021-06-06T09:31:40","slug":"m-mohamed-tariq-belaibi-ministre-du-logement-de-lurbanisme-et-de-la-ville-est-en-visite-de-travail-et-inspection-a-tissemsilt","status":"publish","type":"post","link":"https:\/\/www.mhuv.gov.dz\/?p=5610&lang=fr","title":{"rendered":"M. Mohamed Tarek Belaibi, ministre de l&rsquo;Habitat, de l&rsquo;Urbanisme et de la Ville, est en visite de travail et inspection \u00e0 Tissemsilt."},"content":{"rendered":"<h3>Le 09 Mai 2021, Mr Mohamed Tarek Belaribi, ministre de l\u2019Habitat de l\u2019Urbanisme et de la Ville, entame une visite de travail et d\u2019inspection dans la Wilaya de Tissemsilt.<\/h3>\n<h3><\/h3>\n<h3>La visite s\u2019est lanc\u00e9e par la pr\u00e9sentation d\u2019un expos\u00e9 d\u00e9taill\u00e9 sur le\u00a0programme de logement tous segments confondus, par messieurs les directeurs ex\u00e9cutifs du secteur dans la\u00a0Wilaya de\u00a0Tissemsilt, au niveau du site des 2700 logements location-vente.<\/h3>\n<p><img loading=\"lazy\" decoding=\"async\" class=\"aligncenter\" src=\"https:\/\/scontent.falg7-2.fna.fbcdn.net\/v\/t1.6435-9\/183614947_1860877754066663_6746634411389105396_n.jpg?_nc_cat=105&amp;ccb=1-3&amp;_nc_sid=8bfeb9&amp;_nc_eui2=AeH72S0QtPk1j7G_kAQtQYtQfTMuMf8tdcp9My4x_y11yt7gk62M19pIs0geL2m3BSXTar31mYyhZYeVZ7ESZmqP&amp;_nc_ohc=B7WeP3Afh_QAX9ppBAu&amp;_nc_ht=scontent.falg7-2.fna&amp;oh=f667b04a1bdcaa602b6a0eec81381f95&amp;oe=60BDDA73\" alt=\"Peut \u00eatre une image de 3 personnes, personnes assises et int\u00e9rieur\" width=\"655\" height=\"490\" \/><\/p>\n<p><img loading=\"lazy\" decoding=\"async\" class=\"aligncenter\" src=\"https:\/\/scontent.falg7-2.fna.fbcdn.net\/v\/t1.6435-9\/184013751_1860877880733317_1408048289356245714_n.jpg?_nc_cat=109&amp;ccb=1-3&amp;_nc_sid=8bfeb9&amp;_nc_eui2=AeEYBalByP-FNshU10MTW5gsImZ79amU6UkiZnv1qZTpSfzlvVDdWdbCKlAlGe0Am4pw_dmXxMHEyPk942ybu8jG&amp;_nc_ohc=5m1LeCEYDZYAX8MEnKy&amp;_nc_ht=scontent.falg7-2.fna&amp;oh=d5ca11156040b6f1fe23e90a9203b871&amp;oe=60BDA199\" alt=\"Peut \u00eatre une image de 2 personnes, personnes debout, personnes assises et int\u00e9rieur\" width=\"652\" height=\"488\" \/><\/p>\n<p><img loading=\"lazy\" decoding=\"async\" class=\"aligncenter\" src=\"https:\/\/scontent.falg7-2.fna.fbcdn.net\/v\/t1.6435-9\/184332991_1860878084066630_1831014613869787080_n.jpg?_nc_cat=111&amp;ccb=1-3&amp;_nc_sid=8bfeb9&amp;_nc_eui2=AeFYUaiW9I_e7GnZ52Ziu5ExhTcOv3mijL6FNw6_eaKMvqi_bmq0-MnwMhGRA8ZXlpnWNlLY1ABDyOBV37Eu-kgf&amp;_nc_ohc=2HOkIBtDlsEAX9WxLsE&amp;_nc_ht=scontent.falg7-2.fna&amp;oh=14414b119e9c9095f526dbafd70a563d&amp;oe=60BC8724\" alt=\"Peut \u00eatre une image de 4 personnes, personnes assises et int\u00e9rieur\" width=\"647\" height=\"485\" \/><\/p>\n<p><img loading=\"lazy\" decoding=\"async\" class=\"aligncenter\" src=\"https:\/\/scontent.falg7-2.fna.fbcdn.net\/v\/t1.6435-9\/183935591_1860878404066598_15190716370105460_n.jpg?_nc_cat=100&amp;ccb=1-3&amp;_nc_sid=8bfeb9&amp;_nc_eui2=AeHY5zWC01oI-RY1l7HY5nBCgMfVKfBhU-iAx9Up8GFT6H78e5T9T_dV0VToa752OQToy3qpXJ_UFlLjQQgEGvA-&amp;_nc_ohc=2itQbMG0Rn8AX8n0v6b&amp;_nc_ht=scontent.falg7-2.fna&amp;oh=da212d0ff1eae1b43bfee2fac87d7c54&amp;oe=60BD094B\" alt=\"Peut \u00eatre une image de int\u00e9rieur\" width=\"649\" height=\"487\" \/><\/p>\n<p><img loading=\"lazy\" decoding=\"async\" class=\"aligncenter\" src=\"https:\/\/scontent.falg7-2.fna.fbcdn.net\/v\/t1.6435-9\/183542010_1860896757398096_3950106165509421913_n.jpg?_nc_cat=110&amp;ccb=1-3&amp;_nc_sid=8bfeb9&amp;_nc_eui2=AeGl8q6T8k1SHYApP9bNbzexoYELnf68BQmhgQud_rwFCapssauSVfUQTRhsovvJlic1ROPXiNDllKGjtviGAyxz&amp;_nc_ohc=WTNDsTb3jfQAX9Q8d5-&amp;_nc_ht=scontent.falg7-2.fna&amp;oh=8b589cfbb2c7b5f64e52de1a8a073c9a&amp;oe=60BD6EE1\" alt=\"Peut \u00eatre une image de debout et int\u00e9rieur\" width=\"645\" height=\"484\" \/><\/p>\n","protected":false},"excerpt":{"rendered":"<p>Le 09 Mai 2021, Mr Mohamed Tarek Belaribi, ministre de l\u2019Habitat de l\u2019Urbanisme et de la Ville, entame une visite de travail et d\u2019inspection dans la Wilaya de Tissemsilt. La visite s\u2019est lanc\u00e9e par la pr\u00e9sentation d\u2019un expos\u00e9 d\u00e9taill\u00e9 sur le\u00a0programme de logement tous segments confondus, par messieurs les directeurs ex\u00e9cutifs du secteur dans la\u00a0Wilaya &hellip;<\/p>\n","protected":false},"author":4,"featured_media":5387,"comment_status":"open","ping_status":"open","sticky":false,"template":"","format":"standard","meta":{"footnotes":""},"categories":[161,157],"tags":[],"class_list":["post-5610","post","type-post","status-publish","format-standard","has-post-thumbnail","hentry","category-activites-de-mr-ministre","category-nouveautes"],"lang":"fr","translations":{"fr":5610,"ar":5384},"pll_sync_post":[],"_links":{"self":[{"href":"https:\/\/www.mhuv.gov.dz\/index.php?rest_route=\/wp\/v2\/posts\/5610","targetHints":{"allow":["GET"]}}],"collection":[{"href":"https:\/\/www.mhuv.gov.dz\/index.php?rest_route=\/wp\/v2\/posts"}],"about":[{"href":"https:\/\/www.mhuv.gov.dz\/index.php?rest_route=\/wp\/v2\/types\/post"}],"author":[{"embeddable":true,"href":"https:\/\/www.mhuv.gov.dz\/index.php?rest_route=\/wp\/v2\/users\/4"}],"replies":[{"embeddable":true,"href":"https:\/\/www.mhuv.gov.dz\/index.php?rest_route=%2Fwp%2Fv2%2Fcomments&post=5610"}],"version-history":[{"count":3,"href":"https:\/\/www.mhuv.gov.dz\/index.php?rest_route=\/wp\/v2\/posts\/5610\/revisions"}],"predecessor-version":[{"id":5687,"href":"https:\/\/www.mhuv.gov.dz\/index.php?rest_route=\/wp\/v2\/posts\/5610\/revisions\/5687"}],"wp:featuredmedia":[{"embeddable":true,"href":"https:\/\/www.mhuv.gov.dz\/index.php?rest_route=\/wp\/v2\/media\/5387"}],"wp:attachment":[{"href":"https:\/\/www.mhuv.gov.dz\/index.php?rest_route=%2Fwp%2Fv2%2Fmedia&parent=5610"}],"wp:term":[{"taxonomy":"category","embeddable":true,"href":"https:\/\/www.mhuv.gov.dz\/index.php?rest_route=%2Fwp%2Fv2%2Fcategories&post=5610"},{"taxonomy":"post_tag","embeddable":true,"href":"https:\/\/www.mhuv.gov.dz\/index.php?rest_route=%2Fwp%2Fv2%2Ftags&post=5610"}],"curies":[{"name":"wp","href":"https:\/\/api.w.org\/{rel}","templated":true}]}}