{"id":5050,"date":"2021-04-25T12:18:16","date_gmt":"2021-04-25T12:18:16","guid":{"rendered":"https:\/\/www.mhuv.gov.dz\/?p=5050"},"modified":"2021-04-25T12:20:12","modified_gmt":"2021-04-25T12:20:12","slug":"organismes-sous-tutelle","status":"publish","type":"post","link":"https:\/\/www.mhuv.gov.dz\/?p=5050&lang=fr","title":{"rendered":"Organismes sous tutelle"},"content":{"rendered":"<style type=\"text\/css\"><\/style><div class=\"ufaqsw_container_default ufaqsw_container_default_5048 ufaqsw_element_group_src\"> \n\n\t\t\t<h2 class=\"ufaqsw_faq_title ufaqsw_faq_title_5048\">Organismes sous tutelle<\/h2>\n\t\n\t\n\t\t<div class=\"ufaqsw_toggle_default ufaqsw_toggle_default_5048 ufaqsw_element_src\">\n\t\t\t<div class=\"ufaqsw-toggle-title-area-default ufaqsw-toggle-title-area-default_5048\"\n\t\t\trole=\"button\"\n\t\t\ttabindex=\"0\"\n\t\t\taria-expanded=\"false\"\n\t\t\taria-controls=\"ufaqsw_faq_answer_1_5048\"\n\t\t\taria-label=\"Les Offices de Promotion et de Gestion Immobili\u00e8res (OPGI)\"\n\t\t\t>\n\t\t\t\t<div class=\"ufaqsw-title-name-default ufaqsw-title-name-default_5048\">\n\t\t\t\t\t<span class=\"ufaqsw-default-icon\">\n\t\t\t\t\t\t<i class=\"fa fa fa-plus\" aria-hidden=\"true\"><\/i>\n\t\t\t\t\t\t<i class=\"fa fa fa-minus\" id=\"ufaqsw_other_style\" aria-hidden=\"true\"><\/i>\n\t\t\t\t\t<\/span>\t\t\t\t\n\t\t\t\t\t<span class=\"ufaqsw-default-title ufaqsw_faq_question_src\">Les Offices de Promotion et de Gestion Immobili\u00e8res (OPGI)<\/span>\n\t\t\t\t<\/div>\n\t\t\t<\/div>\n\t\t\t<div class=\"ufaqsw-toggle-inner-default ufaqsw-toggle-inner-default_5048 ufaqsw_faq_answer_src\"\n\t\t\tid=\"ufaqsw_faq_answer_1_5048\"\n\t\t\taria-hidden=\"true\"\n\t\t\taria-labelledby=\"ufaqsw_faq_answer_1_5048\"\n\t\t\tstyle=\"display:none\"\t\t\t>\n\t\t\t<p style=\"text-align: center\"><a href=\"http:\/\/www.opgi.dz\">Site Internet\u00a0<\/a><\/p>\n<p>Les Offices de Promotion et de Gestion Immobili\u00e8res sont des \u00e9tablissements publics dot\u00e9s de la personnalit\u00e9 morale et de l&rsquo;autonomie financi\u00e8re. Ils sont r\u00e9put\u00e9s commer\u00e7ants dans leurs rapports avec les tiers et sont soumis aux r\u00e8gles de droit commercial.<\/p>\n<p>Les offices de promotion et de gestion immobili\u00e8re peuvent exercer leurs activit\u00e9s sur l&rsquo;ensemble du territoire national.<\/p>\n<p>Les offices de promotion et de gestions immobili\u00e8res sont charg\u00e9s dans le cadre de la mise en \u0153uvre de la politique sociale de l&rsquo;Etat, de promouvoir le service public en mati\u00e8re de logement, notamment pour les cat\u00e9gories sociales les plus d\u00e9munies. En outre, ils sont charg\u00e9s \u00e0 titre accessoire:<\/p>\n<ul>\n<li>De la promotion immobili\u00e8re;<\/li>\n<li>De la ma\u00eetrise d&rsquo;ouvrage d\u00e9l\u00e9gu\u00e9e pour le compte de tout autre op\u00e9rateur;<\/li>\n<li>De la promotion fonci\u00e8re;<\/li>\n<li>Des actions de prestation de services en vue d&rsquo;assurer l&rsquo;entretien, la maintenance, la r\u00e9habilitation et la restauration des biens immobiliers;<\/li>\n<\/ul>\n<p>De toutes actions visant l&rsquo;accomplissement de leur mission.<\/p>\n<p>Les Offices de Promotion et de Gestion Immobili\u00e8res sont en outre, habilit\u00e9s \u00e0 g\u00e9rer les biens immobiliers qui leur sont confi\u00e9s. Une convention type d\u00e9terminant les conditions et modalit\u00e9s de prise en charge de cette mission sera d\u00e9finie par arr\u00eat\u00e9 conjoint du ministre charg\u00e9 des Finances et du ministre de l&rsquo;Habitat et de l&rsquo;Urbanisme<br \/>\nEn mati\u00e8re de gestion immobili\u00e8re, les offices de promotion et de gestion immobili\u00e8res sont charg\u00e9s:<\/p>\n<ul>\n<li>De la location et \/ou de la cession des logements et locaux \u00e0 usage professionnel, commercial et artisanal;<\/li>\n<li>Du recouvrement des loyers et des charges locatives ainsi que des produits de la cession des biens immobiliers qu&rsquo;ils g\u00e8rent;<\/li>\n<li>De la pr\u00e9servation des immeubles et de leurs d\u00e9pendances en vue de leur maintien en \u00e9tat permanent d&rsquo;habitabilit\u00e9;<\/li>\n<li>De l&rsquo;\u00e9tablissement et de la tenue \u00e0 jour de l&rsquo;inventaire des immeubles constituant le parc immobilier dont ils assurent la gestion ainsi que le contr\u00f4le du statut juridique des occupants des logements et locaux compris dans ces immeubles;<\/li>\n<li>De l&rsquo;organisation et de la coordination de toutes les actions destin\u00e9es \u00e0 permettre une utilisation optimale des ensembles immobiliers qu&rsquo;ils g\u00e8rent;<\/li>\n<li>D&rsquo;assurer selon les conditions particuli\u00e8res la gestion de tous les biens qui leur ont \u00e9t\u00e9 ou qui leur seront rattach\u00e9s dans le cadre de l&rsquo;unicit\u00e9 des r\u00e8gles de gestion du patrimoine immobilier;<\/li>\n<\/ul>\n<p>Toute autre action entrant dans le cadre de la gestion immobili\u00e8re.<\/p>\n\t\t\t<\/div>\n\t\t<\/div><!-- END OF TOGGLE -->\n\n\t\t\n\t\t<div class=\"ufaqsw_toggle_default ufaqsw_toggle_default_5048 ufaqsw_element_src\">\n\t\t\t<div class=\"ufaqsw-toggle-title-area-default ufaqsw-toggle-title-area-default_5048\"\n\t\t\trole=\"button\"\n\t\t\ttabindex=\"0\"\n\t\t\taria-expanded=\"false\"\n\t\t\taria-controls=\"ufaqsw_faq_answer_2_5048\"\n\t\t\taria-label=\"Agence National pour l&#039;Am\u00e9lioration et le D\u00e9veloppement du Logement (AADL)\"\n\t\t\t>\n\t\t\t\t<div class=\"ufaqsw-title-name-default ufaqsw-title-name-default_5048\">\n\t\t\t\t\t<span class=\"ufaqsw-default-icon\">\n\t\t\t\t\t\t<i class=\"fa fa fa-plus\" aria-hidden=\"true\"><\/i>\n\t\t\t\t\t\t<i class=\"fa fa fa-minus\" id=\"ufaqsw_other_style\" aria-hidden=\"true\"><\/i>\n\t\t\t\t\t<\/span>\t\t\t\t\n\t\t\t\t\t<span class=\"ufaqsw-default-title ufaqsw_faq_question_src\">Agence National pour l'Am\u00e9lioration et le D\u00e9veloppement du Logement (AADL)<\/span>\n\t\t\t\t<\/div>\n\t\t\t<\/div>\n\t\t\t<div class=\"ufaqsw-toggle-inner-default ufaqsw-toggle-inner-default_5048 ufaqsw_faq_answer_src\"\n\t\t\tid=\"ufaqsw_faq_answer_2_5048\"\n\t\t\taria-hidden=\"true\"\n\t\t\taria-labelledby=\"ufaqsw_faq_answer_2_5048\"\n\t\t\tstyle=\"display:none\"\t\t\t>\n\t\t\t<p style=\"text-align: center\"><a href=\"http:\/\/www.aadl.com.dz\">Site Internet\u00a0<\/a><\/p>\n<p>L&rsquo;Agence AADL a \u00e9t\u00e9 cr\u00e9\u00e9e en 1991 par le d\u00e9cret N\u00b0 91-148 du 12 mai 1991 en la forme d&rsquo;un \u00e9tablissement public \u00e0 caract\u00e8re industriel et commercial sous la tutelle du Minist\u00e8re de l&rsquo;Habitat et de l\u2019Urbanisme. Elle assure une mission de service public et est dot\u00e9e de la personnalit\u00e9 morale et de l&rsquo;autonomie financi\u00e8re.<\/p>\n<p>L&rsquo;Agence a pour objet, sur l&rsquo;ensemble du territoire national:<\/p>\n<ul>\n<li>L&rsquo;Agence a pour objet, sur l&rsquo;ensemble du territoire national:<\/li>\n<li>La promotion et le d\u00e9veloppement du march\u00e9 foncier et immobilier;<\/li>\n<li>L&rsquo;encadrement et la dynamisation des actions de :<\/li>\n<li>R\u00e9sorption de l&rsquo;habitat insalubre;<\/li>\n<li>R\u00e9novation et de restauration des tissus anciens;<\/li>\n<li>Restauration urbaine<\/li>\n<li>Cr\u00e9ation de villes nouvelles<\/li>\n<li>L&rsquo;\u00e9laboration et la vulgarisation en vue de leur d\u00e9veloppement, des m\u00e9thodes de construction novatrices \u00e0 travers son programme d&rsquo;action;<\/li>\n<li>La conception et la diffusion la plus large de l&rsquo;information, en direction des acteurs des march\u00e9s foncier et immobilier (promoteurs, citoyens, institutions financi\u00e8res, pouvoirs publics locaux, producteurs de mat\u00e9riaux, bureaux d&rsquo;\u00e9tudes, entreprises de r\u00e9alisation, gestionnaires d&rsquo;immeubles, associations \u2026).<\/li>\n<\/ul>\n<p>L&rsquo;Agence AADL est organis\u00e9e autour d&rsquo;un si\u00e8ge social \u00e0 Said Hamdine -Alger, d&rsquo;agences r\u00e9gionales implant\u00e9es \u00e0 Alger, Oran, Constantine et Annaba; des antennes implant\u00e9es S\u00e9tif, B\u00e9jaia, Tiaret, Tissemsilt, Boussa\u00e2da, Ghardaia, Ouargla, Biskra, Oran, Tlemcen et Ksar El Boukhari.<\/p>\n<p>L&rsquo;activit\u00e9 de l&rsquo;Agence est charg\u00e9e principalement de l&rsquo;encadrement et la promotion d&rsquo;op\u00e9rations fonci\u00e8res destin\u00e9es aux logements. Les terrains sont acquis aupr\u00e8s du Domaine National puis \u00e9tudi\u00e9s, \u00e9quip\u00e9s et r\u00e9troc\u00e9d\u00e9s aux op\u00e9rateurs pour la r\u00e9alisation de programmes de logements collectifs et individuels, sociaux et promotionnels.<\/p>\n<p>Par ailleurs, l&rsquo;Agence d\u00e9veloppe des travaux confi\u00e9s par le minist\u00e8re, tels que le dossier relatif au projet de ville nouvelle de Boughzoul, la mise en \u0153uvre du programme national de r\u00e9sorption d&rsquo;habitat pr\u00e9caire et la r\u00e9alisation de programmes<\/p>\n\t\t\t<\/div>\n\t\t<\/div><!-- END OF TOGGLE -->\n\n\t\t\n\t\t<div class=\"ufaqsw_toggle_default ufaqsw_toggle_default_5048 ufaqsw_element_src\">\n\t\t\t<div class=\"ufaqsw-toggle-title-area-default ufaqsw-toggle-title-area-default_5048\"\n\t\t\trole=\"button\"\n\t\t\ttabindex=\"0\"\n\t\t\taria-expanded=\"false\"\n\t\t\taria-controls=\"ufaqsw_faq_answer_3_5048\"\n\t\t\taria-label=\"Entreprise Nationale de Promotion Immobili\u00e8re\"\n\t\t\t>\n\t\t\t\t<div class=\"ufaqsw-title-name-default ufaqsw-title-name-default_5048\">\n\t\t\t\t\t<span class=\"ufaqsw-default-icon\">\n\t\t\t\t\t\t<i class=\"fa fa fa-plus\" aria-hidden=\"true\"><\/i>\n\t\t\t\t\t\t<i class=\"fa fa fa-minus\" id=\"ufaqsw_other_style\" aria-hidden=\"true\"><\/i>\n\t\t\t\t\t<\/span>\t\t\t\t\n\t\t\t\t\t<span class=\"ufaqsw-default-title ufaqsw_faq_question_src\">Entreprise Nationale de Promotion Immobili\u00e8re<\/span>\n\t\t\t\t<\/div>\n\t\t\t<\/div>\n\t\t\t<div class=\"ufaqsw-toggle-inner-default ufaqsw-toggle-inner-default_5048 ufaqsw_faq_answer_src\"\n\t\t\tid=\"ufaqsw_faq_answer_3_5048\"\n\t\t\taria-hidden=\"true\"\n\t\t\taria-labelledby=\"ufaqsw_faq_answer_3_5048\"\n\t\t\tstyle=\"display:none\"\t\t\t>\n\t\t\t<p style=\"text-align: center\"><a href=\"http:\/\/www.enpi.dz\">Site Internet\u00a0<\/a><\/p>\n\t\t\t<\/div>\n\t\t<\/div><!-- END OF TOGGLE -->\n\n\t\t\n\t\t<div class=\"ufaqsw_toggle_default ufaqsw_toggle_default_5048 ufaqsw_element_src\">\n\t\t\t<div class=\"ufaqsw-toggle-title-area-default ufaqsw-toggle-title-area-default_5048\"\n\t\t\trole=\"button\"\n\t\t\ttabindex=\"0\"\n\t\t\taria-expanded=\"false\"\n\t\t\taria-controls=\"ufaqsw_faq_answer_4_5048\"\n\t\t\taria-label=\"Caisse Nationale du Logement (CNL)\"\n\t\t\t>\n\t\t\t\t<div class=\"ufaqsw-title-name-default ufaqsw-title-name-default_5048\">\n\t\t\t\t\t<span class=\"ufaqsw-default-icon\">\n\t\t\t\t\t\t<i class=\"fa fa fa-plus\" aria-hidden=\"true\"><\/i>\n\t\t\t\t\t\t<i class=\"fa fa fa-minus\" id=\"ufaqsw_other_style\" aria-hidden=\"true\"><\/i>\n\t\t\t\t\t<\/span>\t\t\t\t\n\t\t\t\t\t<span class=\"ufaqsw-default-title ufaqsw_faq_question_src\">Caisse Nationale du Logement (CNL)<\/span>\n\t\t\t\t<\/div>\n\t\t\t<\/div>\n\t\t\t<div class=\"ufaqsw-toggle-inner-default ufaqsw-toggle-inner-default_5048 ufaqsw_faq_answer_src\"\n\t\t\tid=\"ufaqsw_faq_answer_4_5048\"\n\t\t\taria-hidden=\"true\"\n\t\t\taria-labelledby=\"ufaqsw_faq_answer_4_5048\"\n\t\t\tstyle=\"display:none\"\t\t\t>\n\t\t\t<p style=\"text-align: center\"><a href=\"http:\/\/www.cnl.gov.dz\">Site Internet\u00a0<\/a><\/p>\n<p><strong>Cr\u00e9ation<\/strong><br \/>\nLa Caisse Nationale du Logement (CNL) est un \u00e9tablissement Public \u00e0 caract\u00e8re industriel et commercial (EPIC) cr\u00e9\u00e9 par d\u00e9cret ex\u00e9cutif n\u00b0 91-145 DU 12 mai 1991 modifi\u00e9 par le d\u00e9cret ex\u00e9cutif n\u00b094-111 du 18 mai 1994 .<\/p>\n<p><strong>Missions<\/strong><br \/>\nLa Caisse a pour missions et attributions :<\/p>\n<ul>\n<li>De g\u00e9rer les contributions et aides de l \u2019Etat en faveur de l\u2019habitat, notamment en mati\u00e8re de loyers, de r\u00e9sorption de l\u2019habitat pr\u00e9caire, de restructuration urbaine, de r\u00e9habilitation et de maintenance du cadre b\u00e2ti et de promotion du logement \u00e0 caract\u00e8re social,<\/li>\n<li>De promouvoir toute forme de financement de l\u2019habitat et notamment du logement \u00e0 caract\u00e8re social, par la mobilisation de sources de financement autres que budg\u00e9taires.<\/li>\n<\/ul>\n<p>A ce titre, elle est charg\u00e9e notamment de :<\/p>\n<ul>\n<li>Participer \u00e0 la d\u00e9finition de la politique de financement de l\u2019habitat et notamment du logement \u00e0 caract\u00e8re social ;<\/li>\n<li>Recevoir et g\u00e9rer les ressources institu\u00e9es \u00e0 son profit par la l\u00e9gislation et la r\u00e9glementation en vigueur ;<\/li>\n<li>Proposer toutes \u00e9tudes tendant \u00e0 am\u00e9liorer l\u2019action des pouvoirs publics en direction de l\u2019habitat et notamment du logement \u00e0 caract\u00e8re social ;<\/li>\n<li>R\u00e9aliser toutes \u00e9tudes, expertises, enqu\u00eates et recherches li\u00e9es \u00e0 l\u2019habitat, apporter son expertise technique et financi\u00e8re aux institutions publiques et organismes concern\u00e9s, et favoriser les actions d\u2019informations, d\u2019\u00e9changes d\u2019exp\u00e9rience et de rencontres pour la promotion et le d\u00e9veloppement de l\u2019habitat.<\/li>\n<\/ul>\n<p><strong>Organisation<\/strong><br \/>\nLa Caisse Nationale du Logement est organis\u00e9e :<\/p>\n<ul>\n<li>Au niveau central, en directions centrales subdivis\u00e9es en d\u00e9partements et en services ;<\/li>\n<li>Au niveau d\u00e9centralis\u00e9, en directions r\u00e9gionales (Treize) regroupant des agences de diff\u00e9rentes cat\u00e9gories (Vingt sept actuellement).<\/li>\n<\/ul>\n<p>A noter que l\u2019objectif fix\u00e9 est de parachever \u00e0 court terme la couverture de l\u2019ensemble des Wilayat par le r\u00e9seau de la Caisse.<\/p>\n<p><strong>Les Direction Centrales sont les suivantes :<\/strong><\/p>\n<ol>\n<li>La Direction de l\u2019Inspection et de l\u2019Audit.<\/li>\n<li>La Direction des Finances et de la Comptabilit\u00e9<\/li>\n<li>La Direction du Logement Locatif .<\/li>\n<li>La Direction des Aides \u00e0 la RHP et la R\u00e9habilitation.<\/li>\n<li>La Direction des Aides \u00e0 l\u2019Accession \u00e0 la Propri\u00e9t\u00e9.<\/li>\n<li>La Direction des Etudes de l\u2019Organisation et de l\u2019Informatique.<\/li>\n<li>La Direction de l \u2019Administration G\u00e9n\u00e9rale et des Moyens.<\/li>\n<\/ol>\n<p>Il convient de noter qu\u2019une structure d\u00e9nomm\u00e9e \u00ab Fichier National des Aides CNL \u00bb (FNAC) est rattach\u00e9e \u00e0 la Direction G\u00e9n\u00e9rale<\/p>\n\t\t\t<\/div>\n\t\t<\/div><!-- END OF TOGGLE -->\n\n\t\t\n\t\t<div class=\"ufaqsw_toggle_default ufaqsw_toggle_default_5048 ufaqsw_element_src\">\n\t\t\t<div class=\"ufaqsw-toggle-title-area-default ufaqsw-toggle-title-area-default_5048\"\n\t\t\trole=\"button\"\n\t\t\ttabindex=\"0\"\n\t\t\taria-expanded=\"false\"\n\t\t\taria-controls=\"ufaqsw_faq_answer_5_5048\"\n\t\t\taria-label=\"Fonds de Garantie et de Caution Mutuelle de la Promotion Immobili\u00e8re (FGCMPI)\"\n\t\t\t>\n\t\t\t\t<div class=\"ufaqsw-title-name-default ufaqsw-title-name-default_5048\">\n\t\t\t\t\t<span class=\"ufaqsw-default-icon\">\n\t\t\t\t\t\t<i class=\"fa fa fa-plus\" aria-hidden=\"true\"><\/i>\n\t\t\t\t\t\t<i class=\"fa fa fa-minus\" id=\"ufaqsw_other_style\" aria-hidden=\"true\"><\/i>\n\t\t\t\t\t<\/span>\t\t\t\t\n\t\t\t\t\t<span class=\"ufaqsw-default-title ufaqsw_faq_question_src\">Fonds de Garantie et de Caution Mutuelle de la Promotion Immobili\u00e8re (FGCMPI)<\/span>\n\t\t\t\t<\/div>\n\t\t\t<\/div>\n\t\t\t<div class=\"ufaqsw-toggle-inner-default ufaqsw-toggle-inner-default_5048 ufaqsw_faq_answer_src\"\n\t\t\tid=\"ufaqsw_faq_answer_5_5048\"\n\t\t\taria-hidden=\"true\"\n\t\t\taria-labelledby=\"ufaqsw_faq_answer_5_5048\"\n\t\t\tstyle=\"display:none\"\t\t\t>\n\t\t\t<p style=\"text-align: center\"><a href=\"http:\/\/www.fgcmpi.org.dz\">Site Internet<\/a><\/p>\n<p>Le Fonds de Garantie et de Caution Mutuelle de la Promotion Immobili\u00e8re a \u00e9t\u00e9 institu\u00e9 par le d\u00e9cret l\u00e9gislatif n\u00b0 93-03 du 01 mars 1993 portant sur l\u2019activit\u00e9 immobili\u00e8re (en son article 13).<\/p>\n<p>Quant \u00e0 sa cr\u00e9ation officielle, elle a \u00e9t\u00e9 promulgu\u00e9e par le d\u00e9cret ex\u00e9cutif n\u00b0 97-406 du 03 novembre 1997.<\/p>\n<p>Organisme \u00e0 caract\u00e8re mutualiste, le Fonds ne poursuit pas de but lucratif. Il est plac\u00e9 sous la tutelle du Minist\u00e8re de l\u2019Habitat et de l\u2019Urbanisme, mais jouit de la personnalit\u00e9 morale et de l\u2019autonomie financi\u00e8re.<\/p>\n<p>Sa mission consiste \u00e0 garantir les paiements effectu\u00e9s sous forme d\u2019avances, \u00e0 la commande, par les futurs acqu\u00e9reurs de logements (ou immeubles \u00e0 usage autre que d\u2019habitation) dans le cadre d\u2019une vente sur plans (V.S.P).<\/p>\n<p>La forme d\u2019organisation retenue pour le Fonds lui conf\u00e8re une certaine ind\u00e9pendance vis-\u00e0-vis de l\u2019Etat, notamment du fait de la solidarit\u00e9 et de la participation directe et active des principaux acteurs que sont les promoteurs adh\u00e9rents, et ce, \u00e0 travers les organes de gestion pr\u00e9vus l\u00e9galement \u00e0 cet effet, dont :<\/p>\n<ul>\n<li>Le Bureau de l\u2019Assembl\u00e9e g\u00e9n\u00e9rale des promoteurs adh\u00e9rents (05 membres \u00e9lus) ;<\/li>\n<li>Le Conseil de D\u00e9ontologie (05 membres \u00e9lus) ;<\/li>\n<li>Le Conseil de Discipline (05 membres \u00e9lus) ;<\/li>\n<li>Le Conseil d\u2019Administration (07 membres \u00e9lus) ;<\/li>\n<\/ul>\n<p>Outre ces organes, le Fonds est dot\u00e9 d\u2019un Comit\u00e9 de Garantie, compos\u00e9 de 04 membres et pr\u00e9sid\u00e9 par le Directeur G\u00e9n\u00e9ral. Ledit Comit\u00e9 est seul habilit\u00e9 \u00e0 se prononcer sur l\u2019octroi de la garantie, et ce, apr\u00e8s examen des demandes, selon des crit\u00e8res arr\u00eat\u00e9s par le Fonds et approuv\u00e9s par le Minist\u00e8re de l\u2019Habitat et de l\u2019Urbanisme.<\/p>\n<p>Le Fonds dispose actuellement de plusieurs repr\u00e9sentations, install\u00e9es notamment \u00e0 Oran, Annaba, Bordj Bou Arreridj et Biskra.<\/p>\n<p>Au jour d\u2019aujourd\u2019hui, le Fonds compte 482 promoteurs adh\u00e9rents. Il a garanti 53497 logements et une superficie de 104503.47 m2 de construction \u00e0 usage commercial vendus selon la formule de la V.S.P.<\/p>\n\t\t\t<\/div>\n\t\t<\/div><!-- END OF TOGGLE -->\n\n\t\t\n\t\t<div class=\"ufaqsw_toggle_default ufaqsw_toggle_default_5048 ufaqsw_element_src\">\n\t\t\t<div class=\"ufaqsw-toggle-title-area-default ufaqsw-toggle-title-area-default_5048\"\n\t\t\trole=\"button\"\n\t\t\ttabindex=\"0\"\n\t\t\taria-expanded=\"false\"\n\t\t\taria-controls=\"ufaqsw_faq_answer_6_5048\"\n\t\t\taria-label=\"Centre National des Etudes et de la Recherche en Industrie du B\u00e2timent (CNERIB)\"\n\t\t\t>\n\t\t\t\t<div class=\"ufaqsw-title-name-default ufaqsw-title-name-default_5048\">\n\t\t\t\t\t<span class=\"ufaqsw-default-icon\">\n\t\t\t\t\t\t<i class=\"fa fa fa-plus\" aria-hidden=\"true\"><\/i>\n\t\t\t\t\t\t<i class=\"fa fa fa-minus\" id=\"ufaqsw_other_style\" aria-hidden=\"true\"><\/i>\n\t\t\t\t\t<\/span>\t\t\t\t\n\t\t\t\t\t<span class=\"ufaqsw-default-title ufaqsw_faq_question_src\">Centre National des Etudes et de la Recherche en Industrie du B\u00e2timent (CNERIB)<\/span>\n\t\t\t\t<\/div>\n\t\t\t<\/div>\n\t\t\t<div class=\"ufaqsw-toggle-inner-default ufaqsw-toggle-inner-default_5048 ufaqsw_faq_answer_src\"\n\t\t\tid=\"ufaqsw_faq_answer_6_5048\"\n\t\t\taria-hidden=\"true\"\n\t\t\taria-labelledby=\"ufaqsw_faq_answer_6_5048\"\n\t\t\tstyle=\"display:none\"\t\t\t>\n\t\t\t<p style=\"text-align: center\"><a href=\"http:\/\/www.cnerib.edu.dz\">Site Internet\u00a0<\/a><\/p>\n<p>Cr\u00e9e en 1982 par la transformation de l&rsquo;INERBA, il a pour mission d&rsquo;entreprendre tous travaux scientifiques et techniques se rapportant \u00e0 la mise au point, au d\u00e9veloppement et \u00e0 la ma\u00eetrise des techniques pour accro\u00eetre les performances de l&rsquo;appareil de production du secteur de la construction.<br \/>\nA ce titre, le CNERIB :<\/p>\n<ul>\n<li>Proc\u00e8de \u00e0 l&rsquo;\u00e9tude, \u00e0 la recherche et \u00e0 la mise au point de mat\u00e9riaux de construction, composants, mat\u00e9riels et syst\u00e8mes constructifs adapt\u00e9s au contexte \u00e9conomique,<\/li>\n<li>Collecte et traite l&rsquo;ensemble des informations technico-\u00e9conomiques relatives aux diff\u00e9rents composants et mat\u00e9riaux entrant dans la construction,<\/li>\n<li>Proc\u00e8de \u00e0 des essais et \u00e0 des exp\u00e9rimentations li\u00e9s aux travaux de recherche dans le cadre de son objet ou pour tout organisme demandeur,<\/li>\n<li>Emet des Avis Techniques sur les mat\u00e9riaux et composants de la construction<\/li>\n<li>Assiste les entreprises dans leur d\u00e9veloppement et dans l\u2019innovation,<br \/>\nAssiste les ma\u00eetres d&rsquo;ouvrages dans la d\u00e9finition objective des exigences,<\/li>\n<li>Vise l&rsquo;am\u00e9lioration de la qualit\u00e9 de la construction par l&rsquo;\u00e9laboration de documents techniques servant de base \u00e0 des textes r\u00e9glementaires.<\/li>\n<\/ul>\n\t\t\t<\/div>\n\t\t<\/div><!-- END OF TOGGLE -->\n\n\t\t\n\t\t<div class=\"ufaqsw_toggle_default ufaqsw_toggle_default_5048 ufaqsw_element_src\">\n\t\t\t<div class=\"ufaqsw-toggle-title-area-default ufaqsw-toggle-title-area-default_5048\"\n\t\t\trole=\"button\"\n\t\t\ttabindex=\"0\"\n\t\t\taria-expanded=\"false\"\n\t\t\taria-controls=\"ufaqsw_faq_answer_7_5048\"\n\t\t\taria-label=\"Centre de G\u00e9nie Sismique (CGS)\"\n\t\t\t>\n\t\t\t\t<div class=\"ufaqsw-title-name-default ufaqsw-title-name-default_5048\">\n\t\t\t\t\t<span class=\"ufaqsw-default-icon\">\n\t\t\t\t\t\t<i class=\"fa fa fa-plus\" aria-hidden=\"true\"><\/i>\n\t\t\t\t\t\t<i class=\"fa fa fa-minus\" id=\"ufaqsw_other_style\" aria-hidden=\"true\"><\/i>\n\t\t\t\t\t<\/span>\t\t\t\t\n\t\t\t\t\t<span class=\"ufaqsw-default-title ufaqsw_faq_question_src\">Centre de G\u00e9nie Sismique (CGS)<\/span>\n\t\t\t\t<\/div>\n\t\t\t<\/div>\n\t\t\t<div class=\"ufaqsw-toggle-inner-default ufaqsw-toggle-inner-default_5048 ufaqsw_faq_answer_src\"\n\t\t\tid=\"ufaqsw_faq_answer_7_5048\"\n\t\t\taria-hidden=\"true\"\n\t\t\taria-labelledby=\"ufaqsw_faq_answer_7_5048\"\n\t\t\tstyle=\"display:none\"\t\t\t>\n\t\t\t<p style=\"text-align: center\"><a href=\"http:\/\/www.cgs-dz.org\">Site Internet\u00a0<\/a><\/p>\n<p>L\u2019approche visant \u00e0 r\u00e9duire le risque sismique s\u2019articule autour des actions suivantes:<\/p>\n<ul>\n<li>Recherche en vue de mieux conna\u00eetre le mouvement sismique, le comportement des structures, et l\u2019interaction sol &#8211; structures afin de formuler et d\u2019am\u00e9liorer la r\u00e9glementation technique de la construction.<\/li>\n<li>Formation de cadres techniques et diffusion de l\u2019information pour faire passer dans la pratique des r\u00e9sultats de la recherche .<\/li>\n<li>Application stricte de la r\u00e9glementation technique de la construction.<\/li>\n<li>Planification appropri\u00e9e de l\u2019utilisation de l\u2019espace.<\/li>\n<li>Pr\u00e9paration des services de la Protection Civile (plans d \u2019urgence, moyens d\u2019interventions) et corps sp\u00e9cialis\u00e9s dans l\u2019intervention et la r\u00e9habilitation.<\/li>\n<li>Le centre intervient dans les quatre premiers types d\u2019action. La mission globale est de contribuer \u00e0 une r\u00e9duction appr\u00e9ciable du risque sismique en ALGERIE au travers d\u2019activit\u00e9s de recherche, d\u2019\u00e9tude sp\u00e9cialis\u00e9e, de formation et d\u2019information.<\/li>\n<\/ul>\n\t\t\t<\/div>\n\t\t<\/div><!-- END OF TOGGLE -->\n\n\t\t\n\t\t<div class=\"ufaqsw_toggle_default ufaqsw_toggle_default_5048 ufaqsw_element_src\">\n\t\t\t<div class=\"ufaqsw-toggle-title-area-default ufaqsw-toggle-title-area-default_5048\"\n\t\t\trole=\"button\"\n\t\t\ttabindex=\"0\"\n\t\t\taria-expanded=\"false\"\n\t\t\taria-controls=\"ufaqsw_faq_answer_8_5048\"\n\t\t\taria-label=\"Agence Nationale de l&#039;Urbanisme (ANURB)\"\n\t\t\t>\n\t\t\t\t<div class=\"ufaqsw-title-name-default ufaqsw-title-name-default_5048\">\n\t\t\t\t\t<span class=\"ufaqsw-default-icon\">\n\t\t\t\t\t\t<i class=\"fa fa fa-plus\" aria-hidden=\"true\"><\/i>\n\t\t\t\t\t\t<i class=\"fa fa fa-minus\" id=\"ufaqsw_other_style\" aria-hidden=\"true\"><\/i>\n\t\t\t\t\t<\/span>\t\t\t\t\n\t\t\t\t\t<span class=\"ufaqsw-default-title ufaqsw_faq_question_src\">Agence Nationale de l'Urbanisme (ANURB)<\/span>\n\t\t\t\t<\/div>\n\t\t\t<\/div>\n\t\t\t<div class=\"ufaqsw-toggle-inner-default ufaqsw-toggle-inner-default_5048 ufaqsw_faq_answer_src\"\n\t\t\tid=\"ufaqsw_faq_answer_8_5048\"\n\t\t\taria-hidden=\"true\"\n\t\t\taria-labelledby=\"ufaqsw_faq_answer_8_5048\"\n\t\t\tstyle=\"display:none\"\t\t\t>\n\t\t\t<p><strong>A pour mission<\/strong><\/p>\n<ul>\n<li>De proposer toutes \u00e9tudes ou analyses prospectives ayant pour but de renforcer l&rsquo;action de l&rsquo;Etat et des collectivit\u00e9s locales dans le domaine de l&rsquo;urbanisme.<\/li>\n<li>D\u2019assister l&rsquo;\u2019Etat, les collectivit\u00e9s locales et les organismes concern\u00e9s ou int\u00e9ress\u00e9s dans l\u2019initiation, l\u2019ex\u00e9cution et\/ou le suivi des projets d\u2019envergure nationale, r\u00e9gionale ou locale en mati\u00e8re d\u2019urbanisme et d\u2019intervention sur les tissus urbains.<\/li>\n<li>D\u2019apporter son concours technique aux collectivit\u00e9s en mati\u00e8re de r\u00e9sorption de l&rsquo;habitat pr\u00e9caire.<\/li>\n<li>D\u2019apporter son concours, dans le cadre de ses attributions, aux autorit\u00e9s et organismes concern\u00e9s, en mati\u00e8re d&rsquo;\u00e9tudes, de cr\u00e9ation et de r\u00e9alisation de zones d&rsquo;expansion et de sites touristiques.<\/li>\n<li>De proposer \u00e0 l&rsquo;autorit\u00e9 de tutelle toute r\u00e9glementation li\u00e9e \u00e0 son domaine d&rsquo;activit\u00e9.<\/li>\n<li>D&rsquo;\u2019effectuer, pour le compte de l\u2019Etat et des collectivit\u00e9s locales, toute mission de ma\u00eetrise d&rsquo;ouvrage d\u00e9l\u00e9gu\u00e9e li\u00e9e \u00e0 son domaine d&rsquo;activit\u00e9.<\/li>\n<li>De constituer une documentation relative \u00e0 son domaine d&rsquo;activit\u00e9 et de mettre en place une banque de donn\u00e9es.<\/li>\n<li>De publier, sur tout support \u00e9crit ou audiovisuel, les r\u00e9sultats de ses analyses, expertises et r\u00e9flexions.<\/li>\n<li>De r\u00e9aliser des \u00e9tudes d&rsquo;approche, d&rsquo;\u00e9laborer et de suivre les plans relatifs aux zones d&rsquo;habitat, aux lotissements et aux zones urbaines \u00e0 restructurer ou \u00e0 r\u00e9nover.<\/li>\n<li>D&rsquo;\u00e9tudier et d&rsquo;\u00e9tablir les plans d&rsquo;urbanisme.<\/li>\n<li>De mener toute \u00e9tude se rapportant au d\u00e9veloppement des agglom\u00e9rations et des zones rurales.<\/li>\n<li>D&rsquo;\u00e9laborer les normes techniques n\u00e9cessaires \u00e0 la mise en \u0153uvre des orientations, choix et programmes en mati\u00e8re d&rsquo;urbanisme.<\/li>\n<li>D&rsquo;effectuer les \u00e9tudes et les travaux d&rsquo;am\u00e9nagement en liaison avec les instances et organismes concern\u00e9s, des zones industrielles et des zones \u00e0 utilisation sp\u00e9cifique.<\/li>\n<li>De fournir, dans un cadre conceptuel et en fonction de ses capacit\u00e9s et de son plan de charge, des prestations ainsi que des expertises et des consultations li\u00e9es \u00e0 son objet, \u00e0 toute personne de droit public ou de droit priv\u00e9.<\/li>\n<li>D&rsquo;\u00e9laborer toute \u00e9tude ayant pour finalit\u00e9 la r\u00e9servation des sols n\u00e9cessaires aux projets \u00e0 caract\u00e8re sp\u00e9cifique de l\u2019Etat, des collectivit\u00e9s locales et des organismes int\u00e9ress\u00e9s.<\/li>\n<\/ul>\n\t\t\t<\/div>\n\t\t<\/div><!-- END OF TOGGLE -->\n\n\t\t\n\t\t<div class=\"ufaqsw_toggle_default ufaqsw_toggle_default_5048 ufaqsw_element_src\">\n\t\t\t<div class=\"ufaqsw-toggle-title-area-default ufaqsw-toggle-title-area-default_5048\"\n\t\t\trole=\"button\"\n\t\t\ttabindex=\"0\"\n\t\t\taria-expanded=\"false\"\n\t\t\taria-controls=\"ufaqsw_faq_answer_9_5048\"\n\t\t\taria-label=\"Centre National d\u2019Ing\u00e9nierie de la Construction (CNIC)\"\n\t\t\t>\n\t\t\t\t<div class=\"ufaqsw-title-name-default ufaqsw-title-name-default_5048\">\n\t\t\t\t\t<span class=\"ufaqsw-default-icon\">\n\t\t\t\t\t\t<i class=\"fa fa fa-plus\" aria-hidden=\"true\"><\/i>\n\t\t\t\t\t\t<i class=\"fa fa fa-minus\" id=\"ufaqsw_other_style\" aria-hidden=\"true\"><\/i>\n\t\t\t\t\t<\/span>\t\t\t\t\n\t\t\t\t\t<span class=\"ufaqsw-default-title ufaqsw_faq_question_src\">Centre National d\u2019Ing\u00e9nierie de la Construction (CNIC)<\/span>\n\t\t\t\t<\/div>\n\t\t\t<\/div>\n\t\t\t<div class=\"ufaqsw-toggle-inner-default ufaqsw-toggle-inner-default_5048 ufaqsw_faq_answer_src\"\n\t\t\tid=\"ufaqsw_faq_answer_9_5048\"\n\t\t\taria-hidden=\"true\"\n\t\t\taria-labelledby=\"ufaqsw_faq_answer_9_5048\"\n\t\t\tstyle=\"display:none\"\t\t\t>\n\t\t\t<p style=\"text-align: center\"><a href=\"http:\/\/www.cnicdz.com\">Site Internet\u00a0<\/a><\/p>\n<ul>\n<li>L&rsquo;\u00e9laboration de programmes d&rsquo;\u00e9tudes de projet, la d\u00e9finition des besoins, des choix des technologies adapt\u00e9es et des \u00e9tudes de faisabilit\u00e9 des projets, de leur \u00e9conomie g\u00e9n\u00e9rale ainsi que de plans guides devant servir de base aux \u00e9tudes d&rsquo;ex\u00e9cutions ;<\/li>\n<li>L&rsquo;\u00e9laboration de syst\u00e8mes de programmation, de gestion et de coordination des projets.<\/li>\n<li>Le centre peut, au titre de son activit\u00e9 commerciale:<\/li>\n<li>Assurer l&rsquo;appui technologique et d&rsquo;assistance technique \u00e0 tout organisme ou entreprise;<\/li>\n<li>Organiser des s\u00e9minaires et des journ\u00e9es d&rsquo;\u00e9tudes dans les domaines de son intervention;<\/li>\n<li>Assurer la mission de la ma\u00eetrise d&rsquo;\u0153uvre pour les projets sp\u00e9cifiques.<\/li>\n<li>Au titre des suj\u00e9tions de service public, le centre peut \u00eatre charg\u00e9 de l&rsquo;assistance \u00e0 la ma\u00eetrise d&rsquo;ouvrage ainsi que pour la conception technique en mati\u00e8re d&rsquo;ing\u00e9nierie de la construction.<\/li>\n<li>Le centre assure ses missions de service public conform\u00e9ment au cahier des charges de suj\u00e9tions de service public annex\u00e9 au pr\u00e9sent d\u00e9cret.<\/li>\n<li>Pour la r\u00e9alisation de ses objectifs, le centre est habilit\u00e9, conform\u00e9ment \u00e0 la l\u00e9gislation et la r\u00e9glementation en vigueur :<\/li>\n<li>De passer tous contrats et de conclure toutes conventions li\u00e9s \u00e0 son objet avec toutes institutions tant nationales qu&rsquo;\u00e9trang\u00e8res apr\u00e8s accord des autorit\u00e9s concern\u00e9es;<\/li>\n<li>D&rsquo;effectuer toutes op\u00e9rations financi\u00e8res, commerciales, industrielles, mobili\u00e8res et immobili\u00e8res de nature \u00e0 favoriser son expansion;<\/li>\n<li>De d\u00e9velopper des \u00e9changes avec les institutions et organismes \u00e9trangers similaires agissant dans son domaine d&rsquo;activit\u00e9s apr\u00e8s accord des autorit\u00e9s concern\u00e9es;<\/li>\n<li>De participer aux conf\u00e9rences, tant nationales qu&rsquo;internationales, li\u00e9es \u00e0 son domaine d&rsquo;activit\u00e9s apr\u00e8s accord des autorit\u00e9s concern\u00e9es.<\/li>\n<\/ul>\n\t\t\t<\/div>\n\t\t<\/div><!-- END OF TOGGLE -->\n\n\t\t\n\t\t<div class=\"ufaqsw_toggle_default ufaqsw_toggle_default_5048 ufaqsw_element_src\">\n\t\t\t<div class=\"ufaqsw-toggle-title-area-default ufaqsw-toggle-title-area-default_5048\"\n\t\t\trole=\"button\"\n\t\t\ttabindex=\"0\"\n\t\t\taria-expanded=\"false\"\n\t\t\taria-controls=\"ufaqsw_faq_answer_10_5048\"\n\t\t\taria-label=\"Organisme National de Contr\u00f4le Technique de Construction (CTC)\"\n\t\t\t>\n\t\t\t\t<div class=\"ufaqsw-title-name-default ufaqsw-title-name-default_5048\">\n\t\t\t\t\t<span class=\"ufaqsw-default-icon\">\n\t\t\t\t\t\t<i class=\"fa fa fa-plus\" aria-hidden=\"true\"><\/i>\n\t\t\t\t\t\t<i class=\"fa fa fa-minus\" id=\"ufaqsw_other_style\" aria-hidden=\"true\"><\/i>\n\t\t\t\t\t<\/span>\t\t\t\t\n\t\t\t\t\t<span class=\"ufaqsw-default-title ufaqsw_faq_question_src\">Organisme National de Contr\u00f4le Technique de Construction (CTC)<\/span>\n\t\t\t\t<\/div>\n\t\t\t<\/div>\n\t\t\t<div class=\"ufaqsw-toggle-inner-default ufaqsw-toggle-inner-default_5048 ufaqsw_faq_answer_src\"\n\t\t\tid=\"ufaqsw_faq_answer_10_5048\"\n\t\t\taria-hidden=\"true\"\n\t\t\taria-labelledby=\"ufaqsw_faq_answer_10_5048\"\n\t\t\tstyle=\"display:none\"\t\t\t>\n\t\t\t<p style=\"text-align: center\"><a href=\"http:\/\/www.ctc-dz.org\">Site Internet<\/a><\/p>\n<ul>\n<li>L\u2019organisme est charg\u00e9 du contr\u00f4le technique de la construction de b\u00e2timent de toute nature pour s\u2019assurer de la stabilit\u00e9 et de la durabilit\u00e9 des ouvrages, fondation viabilit\u00e9 ayant un impact sur la stabilit\u00e9 de l\u2019ouvrage, d\u2019ossature de clos et couvert en vue de r\u00e9duire les risques \u00e0 la pr\u00e9vention des diff\u00e9rents al\u00e9as techniques susceptible d\u2019\u00eatre rencontr\u00e9s dans la r\u00e9alisation.<\/li>\n<li>Cette mission concerne l\u2019examen critique de l\u2019ensemble des dispositions techniques des projets et notamment le contr\u00f4le de la conception du gros \u0153uvre de leur conformit\u00e9 aux r\u00e8gles et normes de construction.<\/li>\n<li>Ce contr\u00f4le est compl\u00e9t\u00e9 par le contr\u00f4le de l\u2019ex\u00e9cution des travaux en vue de veiller au respect des plans vis\u00e9s et proc\u00e9d\u00e9s de mise en \u0153uvre.<\/li>\n<\/ul>\n\t\t\t<\/div>\n\t\t<\/div><!-- END OF TOGGLE -->\n\n\t\t\n\t\t<div class=\"ufaqsw_toggle_default ufaqsw_toggle_default_5048 ufaqsw_element_src\">\n\t\t\t<div class=\"ufaqsw-toggle-title-area-default ufaqsw-toggle-title-area-default_5048\"\n\t\t\trole=\"button\"\n\t\t\ttabindex=\"0\"\n\t\t\taria-expanded=\"false\"\n\t\t\taria-controls=\"ufaqsw_faq_answer_11_5048\"\n\t\t\taria-label=\"Laboratoire National de l\u2019Habitat et de la Construction (LNHC)\"\n\t\t\t>\n\t\t\t\t<div class=\"ufaqsw-title-name-default ufaqsw-title-name-default_5048\">\n\t\t\t\t\t<span class=\"ufaqsw-default-icon\">\n\t\t\t\t\t\t<i class=\"fa fa fa-plus\" aria-hidden=\"true\"><\/i>\n\t\t\t\t\t\t<i class=\"fa fa fa-minus\" id=\"ufaqsw_other_style\" aria-hidden=\"true\"><\/i>\n\t\t\t\t\t<\/span>\t\t\t\t\n\t\t\t\t\t<span class=\"ufaqsw-default-title ufaqsw_faq_question_src\">Laboratoire National de l\u2019Habitat et de la Construction (LNHC)<\/span>\n\t\t\t\t<\/div>\n\t\t\t<\/div>\n\t\t\t<div class=\"ufaqsw-toggle-inner-default ufaqsw-toggle-inner-default_5048 ufaqsw_faq_answer_src\"\n\t\t\tid=\"ufaqsw_faq_answer_11_5048\"\n\t\t\taria-hidden=\"true\"\n\t\t\taria-labelledby=\"ufaqsw_faq_answer_11_5048\"\n\t\t\tstyle=\"display:none\"\t\t\t>\n\t\t\t<p style=\"text-align: center\"><a href=\"http:\/\/www.lnhc.dz\">Site Internet\u00a0<\/a><\/p>\n<ul>\n<li>Le laboratoire est charg\u00e9 dans le cadre du plan national de d\u00e9veloppement dans le domaine de l\u2019habitat et de la construction d\u2019effectuer des \u00e9tudes, analyses et recherches se rapportant aux sols \u00e0 la conception des fondations aux analyses et aux mat\u00e9riaux utilis\u00e9s dans la construction, en liaison avec les institutions concern\u00e9es.<\/li>\n<\/ul>\n<ul>\n<li>Le laboratoire peut en outre fournir des prestations de services aux administrations de l\u2019Etat aux collectivit\u00e9s, organismes publics et priv\u00e9s dans le cadre de contrats ou convention conform\u00e9ment \u00e0 la r\u00e9glementation en vigueur.<\/li>\n<\/ul>\n<ul>\n<li>Le laboratoire peut apporter son concours \u00e0 des organismes internationaux de m\u00eame vocation comme il peut les associer \u00e0 ses propres travaux. Exceptionnellement le laboratoire lorsqu\u2019il ne dispose pas de moyens n\u00e9cessaire peut faire appel \u00e0 des organismes sp\u00e9cialis\u00e9s dans le cadre de contrat ou convention dans le cadre de la l\u00e9gislation en vigueur.<\/li>\n<\/ul>\n\t\t\t<\/div>\n\t\t<\/div><!-- END OF TOGGLE -->\n\n\t\t\n\t\t<div class=\"ufaqsw_toggle_default ufaqsw_toggle_default_5048 ufaqsw_element_src\">\n\t\t\t<div class=\"ufaqsw-toggle-title-area-default ufaqsw-toggle-title-area-default_5048\"\n\t\t\trole=\"button\"\n\t\t\ttabindex=\"0\"\n\t\t\taria-expanded=\"false\"\n\t\t\taria-controls=\"ufaqsw_faq_answer_12_5048\"\n\t\t\taria-label=\"L&#039;Observatoire National de la Ville (ONV)\"\n\t\t\t>\n\t\t\t\t<div class=\"ufaqsw-title-name-default ufaqsw-title-name-default_5048\">\n\t\t\t\t\t<span class=\"ufaqsw-default-icon\">\n\t\t\t\t\t\t<i class=\"fa fa fa-plus\" aria-hidden=\"true\"><\/i>\n\t\t\t\t\t\t<i class=\"fa fa fa-minus\" id=\"ufaqsw_other_style\" aria-hidden=\"true\"><\/i>\n\t\t\t\t\t<\/span>\t\t\t\t\n\t\t\t\t\t<span class=\"ufaqsw-default-title ufaqsw_faq_question_src\">L'Observatoire National de la Ville (ONV)<\/span>\n\t\t\t\t<\/div>\n\t\t\t<\/div>\n\t\t\t<div class=\"ufaqsw-toggle-inner-default ufaqsw-toggle-inner-default_5048 ufaqsw_faq_answer_src\"\n\t\t\tid=\"ufaqsw_faq_answer_12_5048\"\n\t\t\taria-hidden=\"true\"\n\t\t\taria-labelledby=\"ufaqsw_faq_answer_12_5048\"\n\t\t\tstyle=\"display:none\"\t\t\t>\n\t\t\t<ul>\n<li>De d\u00e9velopper de nouveaux modes de gestion, permettant \u00e0 l&rsquo;Etat et aux collectivit\u00e9s territoriales d&rsquo;am\u00e9liorer le cadre de vie des citoyens et de valoriser le r\u00f4le des villes dans le d\u00e9veloppement durable;<\/li>\n<li>D&rsquo;\u00e9laborer ou de faire \u00e9laborer toutes \u00e9tudes, appr\u00e9ciations, indicateurs, statistiques et informations relatives \u00e0 la Ville en vue de proposer toute mesure de nature \u00e0 promouvoir la politique nationale de la Ville;<\/li>\n<li>De proposer toutes mesures visant \u00e0 prendre en charge les tendances d&rsquo;\u00e9volution de la Ville;<\/li>\n<li>D&rsquo;orienter et de coordonner toutes interventions pour garantir et promouvoir les fonctions de la Ville;<\/li>\n<li>D&rsquo;observer le d\u00e9veloppement et la structuration urbaine, la fonctionnalit\u00e9 et l&rsquo;usage des espaces publics et l&rsquo;utilisation du foncier urbain, d&rsquo;en analyser les tendances et de proposer toutes mesures ou programmes destin\u00e9s \u00e0 am\u00e9liorer les conditions de vie des citoyens \u00e0 l&rsquo;int\u00e9rieur de la ville.<\/li>\n<li>L&rsquo;observatoire national peut dans le cadre de ses missions:<\/li>\n<li>Constituer des groupes de travail sp\u00e9cialis\u00e9s et\/ou th\u00e9matiques et en coordonner les travaux;<\/li>\n<li>Recourir \u00e0 l&rsquo;expertise \u00e9trang\u00e8re nationale et\/ou internationale;<\/li>\n<li>Participer aux rencontres et forums nationaux et internationaux;<\/li>\n<li>Requ\u00e9rir toutes informations et\/ou statistiques n\u00e9cessaires \u00e0 ses travaux.<\/li>\n<\/ul>\n\t\t\t<\/div>\n\t\t<\/div><!-- END OF TOGGLE -->\n\n\t\t\n<\/div>\n\n","protected":false},"excerpt":{"rendered":"","protected":false},"author":2,"featured_media":0,"comment_status":"open","ping_status":"open","sticky":false,"template":"","format":"standard","meta":{"footnotes":""},"categories":[131],"tags":[],"class_list":["post-5050","post","type-post","status-publish","format-standard","hentry","category-organismes-sous-tutelle"],"lang":"fr","translations":{"fr":5050},"pll_sync_post":[],"_links":{"self":[{"href":"https:\/\/www.mhuv.gov.dz\/index.php?rest_route=\/wp\/v2\/posts\/5050","targetHints":{"allow":["GET"]}}],"collection":[{"href":"https:\/\/www.mhuv.gov.dz\/index.php?rest_route=\/wp\/v2\/posts"}],"about":[{"href":"https:\/\/www.mhuv.gov.dz\/index.php?rest_route=\/wp\/v2\/types\/post"}],"author":[{"embeddable":true,"href":"https:\/\/www.mhuv.gov.dz\/index.php?rest_route=\/wp\/v2\/users\/2"}],"replies":[{"embeddable":true,"href":"https:\/\/www.mhuv.gov.dz\/index.php?rest_route=%2Fwp%2Fv2%2Fcomments&post=5050"}],"version-history":[{"count":1,"href":"https:\/\/www.mhuv.gov.dz\/index.php?rest_route=\/wp\/v2\/posts\/5050\/revisions"}],"predecessor-version":[{"id":5051,"href":"https:\/\/www.mhuv.gov.dz\/index.php?rest_route=\/wp\/v2\/posts\/5050\/revisions\/5051"}],"wp:attachment":[{"href":"https:\/\/www.mhuv.gov.dz\/index.php?rest_route=%2Fwp%2Fv2%2Fmedia&parent=5050"}],"wp:term":[{"taxonomy":"category","embeddable":true,"href":"https:\/\/www.mhuv.gov.dz\/index.php?rest_route=%2Fwp%2Fv2%2Fcategories&post=5050"},{"taxonomy":"post_tag","embeddable":true,"href":"https:\/\/www.mhuv.gov.dz\/index.php?rest_route=%2Fwp%2Fv2%2Ftags&post=5050"}],"curies":[{"name":"wp","href":"https:\/\/api.w.org\/{rel}","templated":true}]}}