{"id":13906,"date":"2026-09-02T11:04:35","date_gmt":"2026-09-02T11:04:35","guid":{"rendered":"https:\/\/www.mhuv.gov.dz\/?p=13906"},"modified":"2026-09-02T11:04:35","modified_gmt":"2026-09-02T11:04:35","slug":"le-ministre-de-lhabitat-de-lurbanisme-de-la-ville-et-de-lamenagement-du-territoire-monsieur-mohamed-tarek-belaribi-preside-une-reunion-de-coordination-consacree-au-suivi","status":"publish","type":"post","link":"https:\/\/www.mhuv.gov.dz\/?p=13906&lang=fr","title":{"rendered":"Le ministre de l\u2019Habitat, de l\u2019Urbanisme, de la Ville et de l\u2019Am\u00e9nagement du Territoire, Monsieur Mohamed Tarek Belaribi, pr\u00e9side une r\u00e9union de coordination consacr\u00e9e au suivi et \u00e0 la coordination op\u00e9rationnelle dans les wilayas touch\u00e9es par les incendies."},"content":{"rendered":"<p>Le ministre de l\u2019Habitat, de l\u2019Urbanisme, de la Ville et de l\u2019Am\u00e9nagement du Territoire, Monsieur Mohamed Tarek Belaribi, a pr\u00e9sid\u00e9 le 31 ao\u00fbt 2026, au si\u00e8ge du minist\u00e8re, une<strong>\u00a0<\/strong>r\u00e9union de coordination qui a regroup\u00e9 des cadres du minist\u00e8re ainsi que le directeur g\u00e9n\u00e9ral du CTC, en pr\u00e9sence des directeurs du logement et des directeurs des agences du CTC dans les wilayas affect\u00e9es.<\/p>\n<p>L\u2019objectif de cette r\u00e9union \u00e9tait d\u2019assurer un suivi op\u00e9rationnel de l\u2019ensemble du processus, depuis les expertises techniques r\u00e9alis\u00e9es sur le terrain pour \u00e9valuer les dommages subis par les b\u00e2timents jusqu\u2019au versement des aides financi\u00e8res aux familles sinistr\u00e9es.<\/p>\n<p>Dans ce cadre, Monsieur le Ministre a d\u00e9cid\u00e9 de\u00a0:<\/p>\n<p>&#8211;\u00a0\u00a0\u00a0\u00a0\u00a0\u00a0\u00a0\u00a0\u00a0\u00a0Doubler les effectifs des ing\u00e9nieurs relevant du CTC et de les mettre \u00e0 la disposition des wilayas touch\u00e9es dans un d\u00e9lai maximal de 72 heures, afin de renforcer les op\u00e9rations d\u2019expertise et le suivi technique sur le terrain.<\/p>\n<p>&nbsp;<\/p>\n<p>&#8211;\u00a0\u00a0\u00a0\u00a0\u00a0\u00a0\u00a0\u00a0\u00a0\u00a0\u00a0Charger les directeurs du logement des wilayas concern\u00e9es d\u2019\u00e9tablir les d\u00e9cisions n\u00e9cessaires \u00e0 l\u2019octroi des aides financi\u00e8res aux familles sinistr\u00e9es.<\/p>\n<p>&nbsp;<\/p>\n<p>&#8211;\u00a0\u00a0\u00a0\u00a0\u00a0\u00a0\u00a0\u00a0\u00a0\u00a0\u00a0Charger la BNH est de proc\u00e9der \u00e0 l&rsquo;octroi des aides financi\u00e8res, conform\u00e9ment aux proc\u00e9dures l\u00e9gales en vigueur.<\/p>\n<p>&nbsp;<\/p>\n<p>&#8211;\u00a0\u00a0\u00a0\u00a0\u00a0\u00a0\u00a0\u00a0\u00a0\u00a0Mobiliser des ressources humaines n\u00e9cessaires au profit des directeurs du logement et des directeurs des \u00e9quipements publics afin d\u2019engager les op\u00e9rations de nettoyage et de r\u00e9habilitation des logements et des \u00e9quipements publics endommag\u00e9s par les incendies.<\/p>\n<p>Une r\u00e9union de coordination et d\u2019\u00e9valuation est pr\u00e9vue dans les 72 prochaines heures afin de faire le point sur l\u2019ex\u00e9cution des instructions minist\u00e9rielles, le suivi de l\u2019avancement de la prise en charge des familles sinistr\u00e9es ainsi que les op\u00e9rations de r\u00e9habilitation des logements et \u00e9quipements publics endommag\u00e9s.<\/p>\n<p>&nbsp;<\/p>\n<p><img loading=\"lazy\" decoding=\"async\" class=\"alignnone size-large wp-image-13907\" src=\"https:\/\/www.mhuv.gov.dz\/wp-content\/uploads\/2026\/09\/787743875_1373496054971061_8530069457126685239_n-1-1024x683.jpg\" alt=\"\" width=\"1024\" height=\"683\" srcset=\"https:\/\/www.mhuv.gov.dz\/wp-content\/uploads\/2026\/09\/787743875_1373496054971061_8530069457126685239_n-1-1024x683.jpg 1024w, https:\/\/www.mhuv.gov.dz\/wp-content\/uploads\/2026\/09\/787743875_1373496054971061_8530069457126685239_n-1-300x200.jpg 300w, https:\/\/www.mhuv.gov.dz\/wp-content\/uploads\/2026\/09\/787743875_1373496054971061_8530069457126685239_n-1-768x512.jpg 768w, https:\/\/www.mhuv.gov.dz\/wp-content\/uploads\/2026\/09\/787743875_1373496054971061_8530069457126685239_n-1-1536x1024.jpg 1536w, https:\/\/www.mhuv.gov.dz\/wp-content\/uploads\/2026\/09\/787743875_1373496054971061_8530069457126685239_n-1.jpg 2048w\" sizes=\"auto, (max-width: 1024px) 100vw, 1024px\" \/> <img loading=\"lazy\" decoding=\"async\" class=\"alignnone size-large wp-image-13908\" src=\"https:\/\/www.mhuv.gov.dz\/wp-content\/uploads\/2026\/09\/789612688_1373496101637723_7162443282746941058_n-1.jpg\" alt=\"\" width=\"1000\" height=\"750\" srcset=\"https:\/\/www.mhuv.gov.dz\/wp-content\/uploads\/2026\/09\/789612688_1373496101637723_7162443282746941058_n-1.jpg 1000w, https:\/\/www.mhuv.gov.dz\/wp-content\/uploads\/2026\/09\/789612688_1373496101637723_7162443282746941058_n-1-300x225.jpg 300w, https:\/\/www.mhuv.gov.dz\/wp-content\/uploads\/2026\/09\/789612688_1373496101637723_7162443282746941058_n-1-768x576.jpg 768w\" sizes=\"auto, (max-width: 1000px) 100vw, 1000px\" \/> <img loading=\"lazy\" decoding=\"async\" class=\"alignnone size-large wp-image-13909\" src=\"https:\/\/www.mhuv.gov.dz\/wp-content\/uploads\/2026\/09\/789085281_1373496024971064_3965258954133689348_n-1-1024x567.jpg\" alt=\"\" width=\"1024\" height=\"567\" srcset=\"https:\/\/www.mhuv.gov.dz\/wp-content\/uploads\/2026\/09\/789085281_1373496024971064_3965258954133689348_n-1-1024x567.jpg 1024w, https:\/\/www.mhuv.gov.dz\/wp-content\/uploads\/2026\/09\/789085281_1373496024971064_3965258954133689348_n-1-300x166.jpg 300w, https:\/\/www.mhuv.gov.dz\/wp-content\/uploads\/2026\/09\/789085281_1373496024971064_3965258954133689348_n-1-768x425.jpg 768w, https:\/\/www.mhuv.gov.dz\/wp-content\/uploads\/2026\/09\/789085281_1373496024971064_3965258954133689348_n-1-1536x851.jpg 1536w, https:\/\/www.mhuv.gov.dz\/wp-content\/uploads\/2026\/09\/789085281_1373496024971064_3965258954133689348_n-1.jpg 1600w\" sizes=\"auto, (max-width: 1024px) 100vw, 1024px\" \/> <img loading=\"lazy\" decoding=\"async\" class=\"alignnone size-large wp-image-13910\" src=\"https:\/\/www.mhuv.gov.dz\/wp-content\/uploads\/2026\/09\/790880694_1373496051637728_8945786588289263392_n-1-1024x683.jpg\" alt=\"\" width=\"1024\" height=\"683\" srcset=\"https:\/\/www.mhuv.gov.dz\/wp-content\/uploads\/2026\/09\/790880694_1373496051637728_8945786588289263392_n-1-1024x683.jpg 1024w, https:\/\/www.mhuv.gov.dz\/wp-content\/uploads\/2026\/09\/790880694_1373496051637728_8945786588289263392_n-1-300x200.jpg 300w, https:\/\/www.mhuv.gov.dz\/wp-content\/uploads\/2026\/09\/790880694_1373496051637728_8945786588289263392_n-1-768x512.jpg 768w, https:\/\/www.mhuv.gov.dz\/wp-content\/uploads\/2026\/09\/790880694_1373496051637728_8945786588289263392_n-1-1536x1024.jpg 1536w, https:\/\/www.mhuv.gov.dz\/wp-content\/uploads\/2026\/09\/790880694_1373496051637728_8945786588289263392_n-1.jpg 2048w\" sizes=\"auto, (max-width: 1024px) 100vw, 1024px\" \/><\/p>\n","protected":false},"excerpt":{"rendered":"<p>Le ministre de l\u2019Habitat, de l\u2019Urbanisme, de la Ville et de l\u2019Am\u00e9nagement du Territoire, Monsieur Mohamed Tarek Belaribi, a pr\u00e9sid\u00e9 le 31 ao\u00fbt 2026, au si\u00e8ge du minist\u00e8re, une\u00a0r\u00e9union de coordination qui a regroup\u00e9 des cadres du minist\u00e8re ainsi que le directeur g\u00e9n\u00e9ral du CTC, en pr\u00e9sence des directeurs du logement et des directeurs des &hellip;<\/p>\n","protected":false},"author":14,"featured_media":13911,"comment_status":"open","ping_status":"open","sticky":false,"template":"","format":"standard","meta":{"footnotes":""},"categories":[161,159],"tags":[],"class_list":["post-13906","post","type-post","status-publish","format-standard","has-post-thumbnail","hentry","category-activites-de-mr-ministre","category-activites-du-secteur"],"lang":"fr","translations":{"fr":13906},"pll_sync_post":[],"_links":{"self":[{"href":"https:\/\/www.mhuv.gov.dz\/index.php?rest_route=\/wp\/v2\/posts\/13906","targetHints":{"allow":["GET"]}}],"collection":[{"href":"https:\/\/www.mhuv.gov.dz\/index.php?rest_route=\/wp\/v2\/posts"}],"about":[{"href":"https:\/\/www.mhuv.gov.dz\/index.php?rest_route=\/wp\/v2\/types\/post"}],"author":[{"embeddable":true,"href":"https:\/\/www.mhuv.gov.dz\/index.php?rest_route=\/wp\/v2\/users\/14"}],"replies":[{"embeddable":true,"href":"https:\/\/www.mhuv.gov.dz\/index.php?rest_route=%2Fwp%2Fv2%2Fcomments&post=13906"}],"version-history":[{"count":1,"href":"https:\/\/www.mhuv.gov.dz\/index.php?rest_route=\/wp\/v2\/posts\/13906\/revisions"}],"predecessor-version":[{"id":13912,"href":"https:\/\/www.mhuv.gov.dz\/index.php?rest_route=\/wp\/v2\/posts\/13906\/revisions\/13912"}],"wp:featuredmedia":[{"embeddable":true,"href":"https:\/\/www.mhuv.gov.dz\/index.php?rest_route=\/wp\/v2\/media\/13911"}],"wp:attachment":[{"href":"https:\/\/www.mhuv.gov.dz\/index.php?rest_route=%2Fwp%2Fv2%2Fmedia&parent=13906"}],"wp:term":[{"taxonomy":"category","embeddable":true,"href":"https:\/\/www.mhuv.gov.dz\/index.php?rest_route=%2Fwp%2Fv2%2Fcategories&post=13906"},{"taxonomy":"post_tag","embeddable":true,"href":"https:\/\/www.mhuv.gov.dz\/index.php?rest_route=%2Fwp%2Fv2%2Ftags&post=13906"}],"curies":[{"name":"wp","href":"https:\/\/api.w.org\/{rel}","templated":true}]}}