{"id":13213,"date":"2025-12-04T14:37:28","date_gmt":"2025-12-04T14:37:28","guid":{"rendered":"https:\/\/www.mhuv.gov.dz\/?p=13213"},"modified":"2025-12-04T14:37:28","modified_gmt":"2025-12-04T14:37:28","slug":"le-ministre-de-lhabitat-de-lurbanisme-de-la-ville-et-de-lamenagement-du-territoire-monsieur-mohamed-tarek-belaribi-participe-a-la-seance-consacree-au-vote-de-la-loi-de-f","status":"publish","type":"post","link":"https:\/\/www.mhuv.gov.dz\/?p=13213&lang=fr","title":{"rendered":"Le ministre de l\u2019Habitat, de l\u2019Urbanisme, de la Ville et de l\u2019Am\u00e9nagement du Territoire, Monsieur Mohamed Tarek Belaribi, participe \u00e0 la s\u00e9ance consacr\u00e9e au vote de la loi de finances 2026 au conseil de la nation."},"content":{"rendered":"<p>Le ministre de l\u2019Habitat, de l\u2019Urbanisme, de la Ville et de l\u2019Am\u00e9nagement du Territoire, Monsieur Mohamed Tarek Belaribi, a particip\u00e9 ce jeudi 4 d\u00e9cembre 2025 \u00e0 la s\u00e9ance consacr\u00e9e au vote de la loi de finances 2026 au conseil de la nation.<\/p>\n<p><img loading=\"lazy\" decoding=\"async\" class=\"alignnone wp-image-13214\" src=\"https:\/\/www.mhuv.gov.dz\/wp-content\/uploads\/2025\/12\/\u0627\u0644\u0633\u064a\u062f-\u0648\u0632\u064a\u0631-\u0627\u0644\u0633\u0643\u0646-\u0645\u062d\u0645\u062f-\u0637\u0627\u0631\u0642-\u0628\u0644\u0639\u0631\u064a\u0628\u064a-\u0627\u0644\u062a\u0635\u0648\u064a\u062a-\u0639\u0644\u0649-\u0642\u0627\u0646\u0648\u0646-\u0627\u0644\u0645\u0627\u0644\u064a\u0629-2026-2-1-300x200.jpg\" alt=\"\" width=\"360\" height=\"240\" srcset=\"https:\/\/www.mhuv.gov.dz\/wp-content\/uploads\/2025\/12\/\u0627\u0644\u0633\u064a\u062f-\u0648\u0632\u064a\u0631-\u0627\u0644\u0633\u0643\u0646-\u0645\u062d\u0645\u062f-\u0637\u0627\u0631\u0642-\u0628\u0644\u0639\u0631\u064a\u0628\u064a-\u0627\u0644\u062a\u0635\u0648\u064a\u062a-\u0639\u0644\u0649-\u0642\u0627\u0646\u0648\u0646-\u0627\u0644\u0645\u0627\u0644\u064a\u0629-2026-2-1-300x200.jpg 300w, https:\/\/www.mhuv.gov.dz\/wp-content\/uploads\/2025\/12\/\u0627\u0644\u0633\u064a\u062f-\u0648\u0632\u064a\u0631-\u0627\u0644\u0633\u0643\u0646-\u0645\u062d\u0645\u062f-\u0637\u0627\u0631\u0642-\u0628\u0644\u0639\u0631\u064a\u0628\u064a-\u0627\u0644\u062a\u0635\u0648\u064a\u062a-\u0639\u0644\u0649-\u0642\u0627\u0646\u0648\u0646-\u0627\u0644\u0645\u0627\u0644\u064a\u0629-2026-2-1-1024x683.jpg 1024w, https:\/\/www.mhuv.gov.dz\/wp-content\/uploads\/2025\/12\/\u0627\u0644\u0633\u064a\u062f-\u0648\u0632\u064a\u0631-\u0627\u0644\u0633\u0643\u0646-\u0645\u062d\u0645\u062f-\u0637\u0627\u0631\u0642-\u0628\u0644\u0639\u0631\u064a\u0628\u064a-\u0627\u0644\u062a\u0635\u0648\u064a\u062a-\u0639\u0644\u0649-\u0642\u0627\u0646\u0648\u0646-\u0627\u0644\u0645\u0627\u0644\u064a\u0629-2026-2-1-768x512.jpg 768w, https:\/\/www.mhuv.gov.dz\/wp-content\/uploads\/2025\/12\/\u0627\u0644\u0633\u064a\u062f-\u0648\u0632\u064a\u0631-\u0627\u0644\u0633\u0643\u0646-\u0645\u062d\u0645\u062f-\u0637\u0627\u0631\u0642-\u0628\u0644\u0639\u0631\u064a\u0628\u064a-\u0627\u0644\u062a\u0635\u0648\u064a\u062a-\u0639\u0644\u0649-\u0642\u0627\u0646\u0648\u0646-\u0627\u0644\u0645\u0627\u0644\u064a\u0629-2026-2-1-1536x1024.jpg 1536w, https:\/\/www.mhuv.gov.dz\/wp-content\/uploads\/2025\/12\/\u0627\u0644\u0633\u064a\u062f-\u0648\u0632\u064a\u0631-\u0627\u0644\u0633\u0643\u0646-\u0645\u062d\u0645\u062f-\u0637\u0627\u0631\u0642-\u0628\u0644\u0639\u0631\u064a\u0628\u064a-\u0627\u0644\u062a\u0635\u0648\u064a\u062a-\u0639\u0644\u0649-\u0642\u0627\u0646\u0648\u0646-\u0627\u0644\u0645\u0627\u0644\u064a\u0629-2026-2-1.jpg 2048w\" sizes=\"auto, (max-width: 360px) 100vw, 360px\" \/><\/p>\n","protected":false},"excerpt":{"rendered":"<p>Le ministre de l\u2019Habitat, de l\u2019Urbanisme, de la Ville et de l\u2019Am\u00e9nagement du Territoire, Monsieur Mohamed Tarek Belaribi, a particip\u00e9 ce jeudi 4 d\u00e9cembre 2025 \u00e0 la s\u00e9ance consacr\u00e9e au vote de la loi de finances 2026 au conseil de la nation.<\/p>\n","protected":false},"author":14,"featured_media":13215,"comment_status":"open","ping_status":"open","sticky":false,"template":"","format":"standard","meta":{"footnotes":""},"categories":[161],"tags":[],"class_list":["post-13213","post","type-post","status-publish","format-standard","has-post-thumbnail","hentry","category-activites-de-mr-ministre"],"lang":"fr","translations":{"fr":13213},"pll_sync_post":[],"_links":{"self":[{"href":"https:\/\/www.mhuv.gov.dz\/index.php?rest_route=\/wp\/v2\/posts\/13213","targetHints":{"allow":["GET"]}}],"collection":[{"href":"https:\/\/www.mhuv.gov.dz\/index.php?rest_route=\/wp\/v2\/posts"}],"about":[{"href":"https:\/\/www.mhuv.gov.dz\/index.php?rest_route=\/wp\/v2\/types\/post"}],"author":[{"embeddable":true,"href":"https:\/\/www.mhuv.gov.dz\/index.php?rest_route=\/wp\/v2\/users\/14"}],"replies":[{"embeddable":true,"href":"https:\/\/www.mhuv.gov.dz\/index.php?rest_route=%2Fwp%2Fv2%2Fcomments&post=13213"}],"version-history":[{"count":3,"href":"https:\/\/www.mhuv.gov.dz\/index.php?rest_route=\/wp\/v2\/posts\/13213\/revisions"}],"predecessor-version":[{"id":13218,"href":"https:\/\/www.mhuv.gov.dz\/index.php?rest_route=\/wp\/v2\/posts\/13213\/revisions\/13218"}],"wp:featuredmedia":[{"embeddable":true,"href":"https:\/\/www.mhuv.gov.dz\/index.php?rest_route=\/wp\/v2\/media\/13215"}],"wp:attachment":[{"href":"https:\/\/www.mhuv.gov.dz\/index.php?rest_route=%2Fwp%2Fv2%2Fmedia&parent=13213"}],"wp:term":[{"taxonomy":"category","embeddable":true,"href":"https:\/\/www.mhuv.gov.dz\/index.php?rest_route=%2Fwp%2Fv2%2Fcategories&post=13213"},{"taxonomy":"post_tag","embeddable":true,"href":"https:\/\/www.mhuv.gov.dz\/index.php?rest_route=%2Fwp%2Fv2%2Ftags&post=13213"}],"curies":[{"name":"wp","href":"https:\/\/api.w.org\/{rel}","templated":true}]}}