{"id":12795,"date":"2025-10-26T21:00:44","date_gmt":"2025-10-26T21:00:44","guid":{"rendered":"https:\/\/www.mhuv.gov.dz\/?p=12795"},"modified":"2025-10-27T15:54:53","modified_gmt":"2025-10-27T15:54:53","slug":"le-ministre-de-lhabitat-de-lurbanisme-de-la-ville-et-de-lamenagement-du-territoire-monsieur-mohamed-tarek-belaribi-rencontre-les-membres-du-parlement-de-la-wilaya-d","status":"publish","type":"post","link":"https:\/\/www.mhuv.gov.dz\/?p=12795&lang=fr","title":{"rendered":"Le ministre de l\u2019Habitat, de l\u2019Urbanisme, de la Ville et de l\u2019Am\u00e9nagement du Territoire, Monsieur Mohamed Tarek Belaribi, rencontre les membres du parlement de la wilaya d\u2019In Guezzam, pour examiner l\u2019\u00e9tat d\u2019avancement des projets de d\u00e9veloppement relevant du secteur."},"content":{"rendered":"<p>Le ministre de l\u2019Habitat, de l\u2019Urbanisme, de la Ville et de l\u2019Am\u00e9nagement du Territoire, Monsieur Mohamed Tarek Belaribi, a re\u00e7u le dimanche 26 octobre 2025, au si\u00e8ge du minist\u00e8re, les membres des deux chambres du parlement de la wilaya d\u2019In Guezzam. Cette rencontre \u00e9tait une occasion pour soulever les pr\u00e9occupations des citoyens et suivre la mise en \u0153uvre des programmes de d\u00e9veloppement relevant du secteur dans cette wilaya.<\/p>\n<p>\u00c9taient pr\u00e9sents \u00e0 la r\u00e9union Mr. Chitou Ahmed et Mr Chitou Mohamed, membres du Conseil de la nation, ainsi que les d\u00e9put\u00e9s Mr Khenissi Abdallah, Mr Mansouri Mohamed et Mr Kerbado Kaada de l&rsquo;Assembl\u00e9e populaire nationale.<\/p>\n<p>Au cours de cette r\u00e9union, messieurs les d\u00e9put\u00e9s ont pr\u00e9sent\u00e9 un expos\u00e9 d\u00e9taill\u00e9 sur l&rsquo;\u00e9tat actuel des projets et les besoins locaux en ce qui concerne le secteur de l&rsquo;habitat, de l&rsquo;urbanisme, de la ville et de l&rsquo;am\u00e9nagement du territoire. Les pr\u00e9occupations des repr\u00e9sentants ont port\u00e9 sur les points suivants :<\/p>\n<p>\u2013 Prendre les mesures n\u00e9cessaires afin de rattraper les retards enregistr\u00e9s dans la r\u00e9alisation de plusieurs projets, tout en soulignant la n\u00e9cessit\u00e9 d\u2019acc\u00e9l\u00e9rer la cadence de r\u00e9alisation des deux h\u00f4pitaux situ\u00e9s dans les communes d\u2019In Guezzam et de Tin Zaouatine.<\/p>\n<p>\u2013 Affecter \u00e0 la wilaya d\u2019In Guezzam un quota suppl\u00e9mentaire de logements sociaux et ruraux.<\/p>\n<p>Le ministre a soulign\u00e9 que le pr\u00e9sident de la R\u00e9publique, Monsieur Abdelmadjid Tebboune, accorde une attention particuli\u00e8re et continue au d\u00e9veloppement des wilayas du Sud et soutient leur processus de d\u00e9veloppement des infrastructures. Il a fait part que le secteur \u0153uvre, dans ce contexte, \u00e0 placer les citoyens au c\u0153ur de ses priorit\u00e9s de d\u00e9veloppement, compte tenu de la sp\u00e9cificit\u00e9 g\u00e9ographique de ces wilayas et de leur besoin vital d\u2019un soutien suppl\u00e9mentaire dans les domaines du logement, de l\u2019\u00e9quipement et l\u2019Am\u00e9nagement du Territoire.<\/p>\n<p>Le ministre a \u00e9galement indiqu\u00e9 que cette r\u00e9union s\u2019inscrit dans la continuit\u00e9 de la r\u00e9union technique tenue le mercredi 22 octobre 2025 avec les directeurs ex\u00e9cutifs de la wilaya d\u2019In Guezzam, consacr\u00e9e au suivi de la mise en \u0153uvre des programmes de d\u00e9veloppement, durant laquelle, une nouvelle feuille de route a \u00e9t\u00e9 adopt\u00e9e pour acc\u00e9l\u00e9rer la r\u00e9alisation des projets et lever les obstacles sur le terrain.<\/p>\n<p>Dans le m\u00eame contexte, le ministre a rappel\u00e9 qu&rsquo;il avait d\u00e9p\u00each\u00e9 une commission centrale d&rsquo;inspection dans la wilaya afin d\u2019inspecter les projets sur le terrain. Cette commission, compos\u00e9e de directeurs centraux, a confirm\u00e9 que les mesures n\u00e9cessaires seront prises \u00e0 l&rsquo;encontre des entreprises d\u00e9faillantes, conform\u00e9ment \u00e0 la r\u00e9glementation en vigueur, ainsi qu&rsquo;\u00e0 l&rsquo;encontre des responsables locaux, jug\u00e9s non qualifi\u00e9s par la commission d&rsquo;enqu\u00eate.<\/p>\n<p>Concernant les pr\u00e9occupations soulev\u00e9es par messieurs les d\u00e9put\u00e9s, le ministre a pris les d\u00e9cisions suivantes :<\/p>\n<p>\u2013 Soutenir la wilaya d&rsquo;In Guezzam en lui allouant un quota de 3 000 aides \u00e0 l\u2019habitat rural et 250 logements publics locatifs ;<\/p>\n<p>\u2013 Autoriser les b\u00e9n\u00e9ficiaires des aides rurales au titre du programme de logement rural \u00e0 commencer la construction de leur logement avant l&rsquo;ach\u00e8vement des travaux d\u2019am\u00e9nagement ;<\/p>\n<p>\u2013 All\u00e9ger les proc\u00e9dures administratives li\u00e9es aux dossiers de logement rural, ce qui permettra la lib\u00e9ration rapide des aides financi\u00e8res aux b\u00e9n\u00e9ficiaires.<\/p>\n<p>&#8211;          R\u00e9aliser une \u00e9tude afin de trouver une solution temporaire pour raccorder le projet des 450 logements publics locatifs aux r\u00e9seaux d&rsquo;eau potable et d&rsquo;assainissement, en attendant la solution d\u00e9finitive pour le raccordement des conduites d&rsquo;eau potable.<\/p>\n<p>Concernant les deux h\u00f4pitaux, le ministre a d\u00e9clar\u00e9 que l\u2019op\u00e9ration de transfert de leur portefeuille du minist\u00e8re de la Sant\u00e9 au minist\u00e8re de l&rsquo;habitat, de l&rsquo;Urbanisme, de la Ville et de l\u2019Am\u00e9nagement du Territoire est en cours, et qu&rsquo;il va les suivre personnellement afin de garantir leur ach\u00e8vement.<\/p>\n<p>\u00c0 l&rsquo;issue de la r\u00e9union, le ministre a r\u00e9it\u00e9r\u00e9 l&rsquo;engagement du secteur \u00e0 poursuivre les efforts sur le terrain pour redynamiser les projets non lanc\u00e9s et renforcer la coordination entre les services centraux et locaux et les repr\u00e9sentants des citoyens. Il a soulign\u00e9 que la collaboration et le suivi sur le terrain sont essentiels \u00e0 la r\u00e9ussite de la gestion des affaires publiques.<\/p>\n<p><img loading=\"lazy\" decoding=\"async\" src=\"https:\/\/www.mhuv.gov.dz\/wp-content\/uploads\/2025\/10\/571433223_1125299476457388_5923418689701639532_n-1-300x172.jpg\" alt=\"\" width=\"300\" height=\"172\" class=\"alignnone size-medium wp-image-12796\" srcset=\"https:\/\/www.mhuv.gov.dz\/wp-content\/uploads\/2025\/10\/571433223_1125299476457388_5923418689701639532_n-1-300x172.jpg 300w, https:\/\/www.mhuv.gov.dz\/wp-content\/uploads\/2025\/10\/571433223_1125299476457388_5923418689701639532_n-1-768x440.jpg 768w, https:\/\/www.mhuv.gov.dz\/wp-content\/uploads\/2025\/10\/571433223_1125299476457388_5923418689701639532_n-1.jpg 841w\" sizes=\"auto, (max-width: 300px) 100vw, 300px\" \/><\/p>\n<p><img loading=\"lazy\" decoding=\"async\" src=\"https:\/\/www.mhuv.gov.dz\/wp-content\/uploads\/2025\/10\/572093706_1125299553124047_7322357783760690002_n-1-300x200.jpg\" alt=\"\" width=\"300\" height=\"200\" class=\"alignnone size-medium wp-image-12797\" srcset=\"https:\/\/www.mhuv.gov.dz\/wp-content\/uploads\/2025\/10\/572093706_1125299553124047_7322357783760690002_n-1-300x200.jpg 300w, https:\/\/www.mhuv.gov.dz\/wp-content\/uploads\/2025\/10\/572093706_1125299553124047_7322357783760690002_n-1-1024x683.jpg 1024w, https:\/\/www.mhuv.gov.dz\/wp-content\/uploads\/2025\/10\/572093706_1125299553124047_7322357783760690002_n-1-768x512.jpg 768w, https:\/\/www.mhuv.gov.dz\/wp-content\/uploads\/2025\/10\/572093706_1125299553124047_7322357783760690002_n-1.jpg 1080w\" sizes=\"auto, (max-width: 300px) 100vw, 300px\" \/><\/p>\n","protected":false},"excerpt":{"rendered":"<p>Le ministre de l\u2019Habitat, de l\u2019Urbanisme, de la Ville et de l\u2019Am\u00e9nagement du Territoire, Monsieur Mohamed Tarek Belaribi, a re\u00e7u le dimanche 26 octobre 2025, au si\u00e8ge du minist\u00e8re, les membres des deux chambres du parlement de la wilaya d\u2019In Guezzam. Cette rencontre \u00e9tait une occasion pour soulever les pr\u00e9occupations des citoyens et suivre la &hellip;<\/p>\n","protected":false},"author":14,"featured_media":12796,"comment_status":"open","ping_status":"open","sticky":false,"template":"","format":"standard","meta":{"footnotes":""},"categories":[161,159,157],"tags":[],"class_list":["post-12795","post","type-post","status-publish","format-standard","has-post-thumbnail","hentry","category-activites-de-mr-ministre","category-activites-du-secteur","category-nouveautes"],"lang":"fr","translations":{"fr":12795},"pll_sync_post":[],"_links":{"self":[{"href":"https:\/\/www.mhuv.gov.dz\/index.php?rest_route=\/wp\/v2\/posts\/12795","targetHints":{"allow":["GET"]}}],"collection":[{"href":"https:\/\/www.mhuv.gov.dz\/index.php?rest_route=\/wp\/v2\/posts"}],"about":[{"href":"https:\/\/www.mhuv.gov.dz\/index.php?rest_route=\/wp\/v2\/types\/post"}],"author":[{"embeddable":true,"href":"https:\/\/www.mhuv.gov.dz\/index.php?rest_route=\/wp\/v2\/users\/14"}],"replies":[{"embeddable":true,"href":"https:\/\/www.mhuv.gov.dz\/index.php?rest_route=%2Fwp%2Fv2%2Fcomments&post=12795"}],"version-history":[{"count":1,"href":"https:\/\/www.mhuv.gov.dz\/index.php?rest_route=\/wp\/v2\/posts\/12795\/revisions"}],"predecessor-version":[{"id":12798,"href":"https:\/\/www.mhuv.gov.dz\/index.php?rest_route=\/wp\/v2\/posts\/12795\/revisions\/12798"}],"wp:featuredmedia":[{"embeddable":true,"href":"https:\/\/www.mhuv.gov.dz\/index.php?rest_route=\/wp\/v2\/media\/12796"}],"wp:attachment":[{"href":"https:\/\/www.mhuv.gov.dz\/index.php?rest_route=%2Fwp%2Fv2%2Fmedia&parent=12795"}],"wp:term":[{"taxonomy":"category","embeddable":true,"href":"https:\/\/www.mhuv.gov.dz\/index.php?rest_route=%2Fwp%2Fv2%2Fcategories&post=12795"},{"taxonomy":"post_tag","embeddable":true,"href":"https:\/\/www.mhuv.gov.dz\/index.php?rest_route=%2Fwp%2Fv2%2Ftags&post=12795"}],"curies":[{"name":"wp","href":"https:\/\/api.w.org\/{rel}","templated":true}]}}